{"id":234731,"date":"2013-03-24T19:28:27","date_gmt":"2013-03-24T19:28:27","guid":{"rendered":"https:\/\/archivio.cercoiltuovolto.it\/?p=234731"},"modified":"2013-03-24T19:28:27","modified_gmt":"2013-03-24T19:28:27","slug":"papa-francesco-omelia-del-24-marzo-2013-in-mp3","status":"publish","type":"post","link":"https:\/\/archivio.cercoiltuovolto.it\/?p=234731","title":{"rendered":"Papa Francesco &#8211; Omelia del 24 marzo 2013 in mp3"},"content":{"rendered":"<blockquote><p><img loading=\"lazy\" decoding=\"async\" class=\"alignleft size-medium wp-image-28052\" alt=\"8585210465_28ebb62d6b_b\" src=\"http:\/\/www.cercoiltuovolto.it\/wp-content\/uploads\/2013\/03\/8585210465_28ebb62d6b_b-450x300.jpg\" width=\"450\" height=\"300\" \/><\/p>\n<p style=\"text-align: justify;\">1. Ges\u00f9 entra in Gerusalemme. La folla dei discepoli lo accompagna in festa, i mantelli sono stesi davanti a Lui, si parla di prodigi che ha compiuto, un grido di lode si leva: \u00abBenedetto colui che viene, il re, nel nome del Signore. Pace in cielo e gloria nel pi\u00f9 alto dei cieli\u00bb (<i>Lc<\/i>\u00a019,38).<\/p>\n<p style=\"text-align: justify;\">Folla, festa, lode, benedizione, pace: \u00e8 un clima di gioia quello che si respira. Ges\u00f9 ha risvegliato nel cuore tante speranze soprattutto tra la gente umile, semplice, povera, dimenticata, quella che non conta agli occhi del mondo. Lui ha saputo comprendere le miserie umane, ha mostrato il volto di misericordia di Dio e si \u00e8 chinato per guarire il corpo e l\u2019anima.<\/p>\n<p style=\"text-align: justify;\">Questo \u00e8 Ges\u00f9.\u00a0Questo \u00e8 il suo cuore che guarda tutti noi, che guarda le nostre malattie, i nostri peccati. E\u2019 grande l\u2019amore di Ges\u00f9. E cos\u00ec entra in Gerusalemme con questo amore, e guarda tutti noi. E\u2019 una scena bella: piena di luce &#8211; la luce dell\u2019amore di Ges\u00f9, quello del suo cuore &#8211; di gioia, di festa.<\/p>\n<p style=\"text-align: justify;\">All\u2019inizio della Messa l\u2019abbiamo ripetuta anche noi. Abbiamo agitato le nostre palme. Anche noi abbiamo accolto Ges\u00f9; anche noi abbiamo espresso la gioia di accompagnarlo, di saperlo vicino, presente in noi e in mezzo a noi, come un amico, come un fratello, anche come re, cio\u00e8 come faro luminoso della nostra vita. Ges\u00f9 \u00e8 Dio, ma si \u00e8 abbassato a camminare con noi. E\u2019 il nostro amico, il nostro fratello. Qui ci illumina nel cammino. E cos\u00ec oggi lo abbiamo accolto. E questa \u00e8\u00a0la prima parola\u00a0che vorrei dirvi:\u00a0<em>gioia!<\/em>\u00a0Non siate mai uomini e donne tristi: un cristiano non pu\u00f2 mai esserlo! Non lasciatevi prendere mai dallo scoraggiamento! La nostra non \u00e8 una gioia che nasce dal possedere tante cose, ma nasce dall\u2019aver incontrato una Persona: Ges\u00f9, che \u00e8 in mezzo a noi; nasce dal sapere che con Lui non siamo mai soli, anche nei momenti difficili, anche quando il cammino della vita si scontra con problemi e ostacoli che sembrano insormontabili, e ce ne sono tanti! E in questo momento viene il nemico, viene il diavolo, mascherato da angelo tante volte, e insidiosamente ci dice la sua parola. Non ascoltatelo! Seguiamo Ges\u00f9!\u00a0Noi accompagniamo, seguiamo Ges\u00f9, ma soprattutto sappiamo che Lui ci accompagna e ci carica sulle sue spalle: qui sta la nostra gioia, la speranza che dobbiamo portare in questo nostro mondo. E, per favore, non lasciatevi rubare la speranza! Non lasciate rubare la speranza! Quella che ci d\u00e0 Ges\u00f9<\/p>\n<p style=\"text-align: justify;\">2. Seconda parola. Perch\u00e9 Ges\u00f9 entra in Gerusalemme, o forse meglio: come entra Ges\u00f9 in Gerusalemme? La folla lo acclama come Re. E Lui non si oppone, non la fa tacere (cfr\u00a0<i>Lc<\/i>\u00a019,39-40). Ma che tipo di Re \u00e8 Ges\u00f9? Guardiamolo: cavalca un puledro, non ha una corte che lo segue, non \u00e8 circondato da un esercito simbolo di forza. Chi lo accoglie \u00e8 gente umile, semplice, che ha il senso di guardare in Ges\u00f9 qualcosa di pi\u00f9; ha quel senso della fede, che dice: Questo \u00e8 il Salvatore. Ges\u00f9 non entra nella Citt\u00e0 Santa per ricevere gli onori riservati ai re terreni, a chi ha potere, a chi domina; entra per essere flagellato, insultato e oltraggiato, come preannuncia Isaia nella Prima Lettura (cfr\u00a0<i>Is<\/i>\u00a050,6); entra per ricevere una corona di spine, un bastone, un mantello di porpora, la sua regalit\u00e0 sar\u00e0 oggetto di derisione; entra per salire il Calvario carico di un legno. E allora ecco la seconda parola:\u00a0<i>Croce<\/i>. Ges\u00f9 entra a Gerusalemme per morire sulla Croce. Ed \u00e8 proprio qui che splende il suo essere Re secondo Dio: il suo trono regale \u00e8 il legno della Croce! Penso a quello che Benedetto XVI diceva ai Cardinali: Voi siete principi, ma di un Re crocifisso. Quello \u00e8 il trono di Ges\u00f9. Ges\u00f9 prende su di s\u00e9&#8230; Perch\u00e9 la Croce? Perch\u00e9 Ges\u00f9 prende su di s\u00e9 il male, la sporcizia, il peccato del mondo, anche il nostro peccato, di tutti noi, e lo lava, lo lava con il suo sangue, con la misericordia, con l\u2019amore di Dio. Guardiamoci intorno: quante ferite il male infligge all\u2019umanit\u00e0! Guerre, violenze, conflitti economici che colpiscono chi \u00e8 pi\u00f9 debole, sete di denaro, che poi nessuno pu\u00f2 portare con s\u00e9, deve lasciarlo. Mia nonna diceva a noi bambini: il sudario non ha tasche. Amore al denaro, potere, corruzione, divisioni, crimini contro la vita umana e contro il creato! E anche &#8211; ciascuno di noi lo sa e lo conosce &#8211; i nostri peccati personali: le mancanze di amore e di rispetto verso Dio, verso il prossimo e verso l\u2019intera creazione. E Ges\u00f9 sulla croce sente tutto il peso del male e con la forza dell\u2019amore di Dio lo vince, lo sconfigge nella sua risurrezione. Questo \u00e8 il bene che Ges\u00f9 fa a tutti noi sul trono della Croce. La croce di Cristo\u00a0<\/p>\n<p style=\"text-align: justify;\">3. Oggi in questa Piazza ci sono tanti giovani: da 28 anni la Domenica delle Palme \u00e8 la Giornata della Giovent\u00f9! Ecco la terza parola:\u00a0<i>giovani<\/i>! Cari giovani, vi ho visto nella processione, quando entravate; vi immagino a fare festa intorno a Ges\u00f9, agitando i rami d\u2019ulivo; vi immagino mentre gridate il suo nome ed esprimete la vostra gioia di essere con Lui! Voi avete una parte importante nella festa della fede! Voi ci portate la gioia della fede e ci dite che dobbiamo vivere la fede con un cuore giovane, sempre: un cuore giovane, anche a settanta, ottant\u2019anni! Cuore giovane! Con Cristo il cuore non invecchia mai! Per\u00f2 tutti noi lo sappiamo e voi lo sapete bene che il Re che seguiamo e che ci accompagna \u00e8 molto speciale: \u00e8 un Re che ama fino alla croce e che ci insegna a servire, ad amare. E voi non avete vergogna della sua Croce! Anzi, la abbracciate, perch\u00e9 avete capito che \u00e8 nel dono di s\u00e9, nel dono di s\u00e9, nell\u2019uscire da se stessi, che si ha la vera gioia e che con l\u2019amore di Dio Lui ha vinto il male. Voi portate la Croce pellegrina attraverso tutti i continenti, per le strade del mondo! La portate rispondendo all\u2019invito di Ges\u00f9 \u00abAndate e fate discepoli tutti i popoli\u00bb (cfr\u00a0<i>Mt<\/i>28,19), che \u00e8 il tema della Giornata della Giovent\u00f9 di quest\u2019anno. La portate per dire a tutti che sulla croce Ges\u00f9 ha abbattuto il muro dell\u2019inimicizia, che separa gli uomini e i popoli, e ha portato la riconciliazione e la pace. Cari amici, anch\u2019io mi metto in cammino con voi, da oggi, sulle orme del beato Giovanni Paolo II e di Benedetto XVI. Ormai siamo vicini alla prossima tappa di questo grande pellegrinaggio della Croce. Guardo con gioia al prossimo luglio, a Rio de Janeiro! Vi do appuntamento in quella grande citt\u00e0 del Brasile! Preparatevi bene, soprattutto spiritualmente nelle vostre comunit\u00e0, perch\u00e9 quell\u2019Incontro sia un segno di fede per il mondo intero. I giovani devono dire al mondo: \u00e8 buono seguire Ges\u00f9; \u00e8 buono andare con Ges\u00f9; \u00e8 buono il messaggio di Ges\u00f9; \u00e8 buono uscire da se stessi, alle periferie del mondo e dell\u2019esistenza per portare Ges\u00f9! Tre parole: gioia, croce, giovani.abbracciata con amore mai porta alla tristezza, ma alla gioia, alla gioia di essere salvati e di fare un pochettino quello che ha fatto Lui quel giorno della sua morte.\u00a0<\/p>\n<p style=\"text-align: justify;\">Chiediamo l\u2019intercessione della Vergine Maria. Lei ci insegna la gioia dell\u2019incontro con Cristo, l\u2019amore con cui lo dobbiamo guardare sotto la croce, l\u2019entusiasmo del cuore giovane con cui lo dobbiamo seguire in questa Settimana Santa e in tutta la nostra vita. Cos\u00ec sia. \u00a0\u00a0<\/p>\n<ul>\n<li><a href=\"http:\/\/www.vatican.va\/holy_father\/francesco\/homilies\/2013\/documents\/papa-francesco_20130324_palme_it.html\">Leggi tutto il messaggio<\/a> <em>\u00a9 Copyright 2013 &#8211; Libreria Editrice Vaticana<\/em><\/li>\n<li><a href=\"http:\/\/player.rv.va\/vaticanplayer.asp?language=it&amp;tic=VA_7JK9PLWJ\" target=\"_blank\"><em>Link al Video<\/em><\/a><\/li>\n<\/ul>\n<\/blockquote>\n<p><img loading=\"lazy\" decoding=\"async\" class=\"alignnone size-full wp-image-25340\" style=\"margin-bottom: -35px;\" title=\"ascolta-il-podcast\" alt=\"\" src=\"http:\/\/www.cercoiltuovolto.it\/wp-content\/uploads\/2012\/09\/ascolta-il-podcast.png\" width=\"277\" height=\"77\" \/><\/p>\n<div class=\"powerpressbox\">[powerpress]<\/div>\n<p style=\"text-align: justify;\"><strong>Fonte<\/strong>: Radio Vaticana via FeedRss<\/p>\n<p style=\"text-align: justify;\"><span style=\"font-size: xx-small;\"><em>(The content of this podcast is copyrighted by Vatican Radio which, according to its statute, is entrusted to manage and protect the sound recordings of the Roman Pontiff, ensuring that their pastoral character and intellectual property&#8217;s rights are protected when used by third parties. The content of this podcast is made available only for personal and private use and cannot be exploited for commercial purposes, without prior written authorization by Vatican Radio. For further information, please contact the International Relation Office at relint@vatiradio.va)<\/em><\/span><\/p>\n","protected":false},"excerpt":{"rendered":"<p>1. Ges\u00f9 entra in Gerusalemme. La folla dei discepoli lo accompagna in festa, i mantelli sono stesi davanti a Lui, si parla di prodigi che ha compiuto, un grido di lode si leva: \u00abBenedetto colui che viene, il re, nel nome del Signore. Pace in cielo e gloria nel pi\u00f9 alto dei cieli\u00bb (Lc\u00a019,38). Folla,&#8230;<\/p>\n","protected":false},"author":3,"featured_media":0,"comment_status":"closed","ping_status":"closed","sticky":false,"template":"","format":"standard","meta":{"_kad_post_transparent":"","_kad_post_title":"","_kad_post_layout":"","_kad_post_sidebar_id":"","_kad_post_content_style":"","_kad_post_vertical_padding":"","_kad_post_feature":"","_kad_post_feature_position":"","_kad_post_header":false,"_kad_post_footer":false,"_kad_post_classname":"","footnotes":""},"categories":[103,685],"tags":[29,9],"class_list":["post-234731","post","type-post","status-publish","format-standard","hentry","category-103","category-francesco","tag-omelie","tag-vaticano"],"_links":{"self":[{"href":"https:\/\/archivio.cercoiltuovolto.it\/index.php?rest_route=\/wp\/v2\/posts\/234731","targetHints":{"allow":["GET"]}}],"collection":[{"href":"https:\/\/archivio.cercoiltuovolto.it\/index.php?rest_route=\/wp\/v2\/posts"}],"about":[{"href":"https:\/\/archivio.cercoiltuovolto.it\/index.php?rest_route=\/wp\/v2\/types\/post"}],"author":[{"embeddable":true,"href":"https:\/\/archivio.cercoiltuovolto.it\/index.php?rest_route=\/wp\/v2\/users\/3"}],"replies":[{"embeddable":true,"href":"https:\/\/archivio.cercoiltuovolto.it\/index.php?rest_route=%2Fwp%2Fv2%2Fcomments&post=234731"}],"version-history":[{"count":0,"href":"https:\/\/archivio.cercoiltuovolto.it\/index.php?rest_route=\/wp\/v2\/posts\/234731\/revisions"}],"wp:attachment":[{"href":"https:\/\/archivio.cercoiltuovolto.it\/index.php?rest_route=%2Fwp%2Fv2%2Fmedia&parent=234731"}],"wp:term":[{"taxonomy":"category","embeddable":true,"href":"https:\/\/archivio.cercoiltuovolto.it\/index.php?rest_route=%2Fwp%2Fv2%2Fcategories&post=234731"},{"taxonomy":"post_tag","embeddable":true,"href":"https:\/\/archivio.cercoiltuovolto.it\/index.php?rest_route=%2Fwp%2Fv2%2Ftags&post=234731"}],"curies":[{"name":"wp","href":"https:\/\/api.w.org\/{rel}","templated":true}]}}