{"id":234727,"date":"2013-03-20T06:06:28","date_gmt":"2013-03-20T06:06:28","guid":{"rendered":"https:\/\/archivio.cercoiltuovolto.it\/?p=234727"},"modified":"2013-03-20T06:06:28","modified_gmt":"2013-03-20T06:06:28","slug":"commento-al-vangelo-per-i-bambini-domenica-24-marzo-2013-perche-agitiamo-i-rami-di-palma-e-di-ulivo","status":"publish","type":"post","link":"https:\/\/archivio.cercoiltuovolto.it\/?p=234727","title":{"rendered":"Commento al Vangelo per i bambini: domenica 24 marzo 2013 &#8211; Perch\u00e9 agitiamo i rami di palma e di ulivo?"},"content":{"rendered":"<h3 style=\"text-align: center;\">Le domande grandi dei bambini<\/h3>\n<h2 id=\"watch-headline-title\" style=\"text-align: center;\">Perch\u00e9 agitiamo i rami di palma e di ulivo?<\/h2>\n<blockquote>\n<p style=\"text-align: justify;\">I bambini sono intelligenti, intuitivi, assetati di verit\u00e0 e conoscenza. Le loro domande non sono banali o scontate, anzi molte volte risvegliano le domande che gli adulti stessi hanno messo a tacere e che invece portano nel cuore.\u00a0<br \/>Partendo da questo presupposto, l&#8217;Ufficio catechistico della diocesi di Roma ha realizzato una serie di video che incoraggino i genitori a rispondere ai figli.\u00a0<br \/>La giornalista e scrittrice Costanza Miriano, mamma di quattro figli, sottoporr\u00e0 settimanalmente gli interrogativi dei bambini sui grandi temi della vita a padre Maurizio Botta, per lasciare che il Vangelo della domenica dia loro una risposta.\u00a0<\/p>\n<\/blockquote>\n<p style=\"text-align: center;\">\n<div class=\"entry-content-asset videofit\"><iframe loading=\"lazy\" title=\"29 Come far stare insieme giustizia e amore? LE DOMANDE GRANDI DEI BAMBINI. V di Quaresima\" width=\"720\" height=\"405\" src=\"https:\/\/www.youtube.com\/embed\/EzyoIJNl5hY?feature=oembed\" frameborder=\"0\" allow=\"accelerometer; autoplay; clipboard-write; encrypted-media; gyroscope; picture-in-picture; web-share\" referrerpolicy=\"strict-origin-when-cross-origin\" allowfullscreen><\/iframe><\/div>\n<\/p>\n<p style=\"text-align: center;\"><em>Colonna sonora<\/em>: Wild life &#8211; di Angelo Talocci (Spiritosound Roma)<\/p>\n<h3 style=\"text-align: center;\">\u00abPerch\u00e9 agitiamo i rami di palma e di ulivo? \u00bb<\/h3>\n<p style=\"text-align: justify;\">Nella Domenica delle Palme si festeggia l&#8217;ingresso del Signore a Gerusalemme. Una folla in festa lo accoglie sventolando rami di palma e di ulivo, ed anche noi oggi facciamo lo stesso. Un bambino si chiede il perch\u00e9 di questo gesto cos\u00ec simpaticamente teatrale, soprattutto alla luce del fatto che tra pochi giorni si celebrer\u00e0 la morte in croce di Ges\u00f9.<\/p>\n","protected":false},"excerpt":{"rendered":"<p>Le domande grandi dei bambini Perch\u00e9 agitiamo i rami di palma e di ulivo? I bambini sono intelligenti, intuitivi, assetati di verit\u00e0 e conoscenza. Le loro domande non sono banali o scontate, anzi molte volte risvegliano le domande che gli adulti stessi hanno messo a tacere e che invece portano nel cuore.\u00a0Partendo da questo presupposto,&#8230;<\/p>\n","protected":false},"author":3,"featured_media":0,"comment_status":"closed","ping_status":"closed","sticky":false,"template":"","format":"standard","meta":{"_kad_post_transparent":"","_kad_post_title":"","_kad_post_layout":"","_kad_post_sidebar_id":"","_kad_post_content_style":"","_kad_post_vertical_padding":"","_kad_post_feature":"","_kad_post_feature_position":"","_kad_post_header":false,"_kad_post_footer":false,"_kad_post_classname":"","footnotes":""},"categories":[103,290],"tags":[5,333,648],"class_list":["post-234727","post","type-post","status-publish","format-standard","hentry","category-103","category-bambini","tag-commento-al-vangelo","tag-domenica-delle-palme","tag-per-i-giovani"],"_links":{"self":[{"href":"https:\/\/archivio.cercoiltuovolto.it\/index.php?rest_route=\/wp\/v2\/posts\/234727","targetHints":{"allow":["GET"]}}],"collection":[{"href":"https:\/\/archivio.cercoiltuovolto.it\/index.php?rest_route=\/wp\/v2\/posts"}],"about":[{"href":"https:\/\/archivio.cercoiltuovolto.it\/index.php?rest_route=\/wp\/v2\/types\/post"}],"author":[{"embeddable":true,"href":"https:\/\/archivio.cercoiltuovolto.it\/index.php?rest_route=\/wp\/v2\/users\/3"}],"replies":[{"embeddable":true,"href":"https:\/\/archivio.cercoiltuovolto.it\/index.php?rest_route=%2Fwp%2Fv2%2Fcomments&post=234727"}],"version-history":[{"count":0,"href":"https:\/\/archivio.cercoiltuovolto.it\/index.php?rest_route=\/wp\/v2\/posts\/234727\/revisions"}],"wp:attachment":[{"href":"https:\/\/archivio.cercoiltuovolto.it\/index.php?rest_route=%2Fwp%2Fv2%2Fmedia&parent=234727"}],"wp:term":[{"taxonomy":"category","embeddable":true,"href":"https:\/\/archivio.cercoiltuovolto.it\/index.php?rest_route=%2Fwp%2Fv2%2Fcategories&post=234727"},{"taxonomy":"post_tag","embeddable":true,"href":"https:\/\/archivio.cercoiltuovolto.it\/index.php?rest_route=%2Fwp%2Fv2%2Ftags&post=234727"}],"curies":[{"name":"wp","href":"https:\/\/api.w.org\/{rel}","templated":true}]}}