{"id":234642,"date":"2013-02-14T06:10:24","date_gmt":"2013-02-14T06:10:24","guid":{"rendered":"https:\/\/archivio.cercoiltuovolto.it\/?p=234642"},"modified":"2013-02-14T06:10:24","modified_gmt":"2013-02-14T06:10:24","slug":"kiko-arguello-il-kerigma-nelle-baracche-con-i-poveri-unesperienza-di-nuova-evangelizzazione","status":"publish","type":"post","link":"https:\/\/archivio.cercoiltuovolto.it\/?p=234642","title":{"rendered":"Kiko Arg\u00fcello: Il Kerigma &#8211; Nelle baracche con i poveri. Un&#8217;esperienza di nuova Evangelizzazione"},"content":{"rendered":"<p style=\"text-align: justify;\"><a href=\"http:\/\/www.cercoiltuovolto.it\/wp-content\/uploads\/2013\/02\/Il-Kerigma-Nelle-baracche-con-i-poveri.jpg\"><img loading=\"lazy\" decoding=\"async\" class=\"alignleft size-medium wp-image-27764\" alt=\"Il Kerigma - Nelle baracche con i poveri\" src=\"http:\/\/www.cercoiltuovolto.it\/wp-content\/uploads\/2013\/02\/Il-Kerigma-Nelle-baracche-con-i-poveri-198x300.jpg\" width=\"198\" height=\"300\" \/><\/a>Nato in una famiglia cristiana, Kiko Arg\u00fcello riceve un\u2019educazione religiosa. Ma a un certo punto della sua vita, la fede va in crisi. \u201cDio esiste o non esiste?\u201d, si domanda. Entra cos\u00ec in un periodo di deserto spirituale nel quale nulla per\u00f2 lo soddisfa: n\u00e9 i successi artistici come pittore, n\u00e9 le relazioni umane. Sull\u2019orlo della disperazione, Kiko grida a Dio il proprio sconforto. E Dio lo prende per mano e lo guida passo passo a riscoprire il dono della fede, prima attraverso l\u2019incontro con i Cursillos de Cristiandad, poi immergendosi completamente nella vita dei poveri nelle baracche di Palomeras Altas, alla periferia di Madrid.<\/p>\n<p style=\"text-align: justify;\">Da questa esperienza matura in Kiko la consapevolezza dell\u2019urgenza di annunciare la Buona Notizia, il kerigma, ai pi\u00f9 poveri. Insieme a Carmen Hern\u00e1ndez, una missionaria laica, a contatto con il rinnovamento del Concilio, fonda una piccola comunit\u00e0 riunita intorno alla Parola e alla liturgia. Dalla Spagna si sposter\u00e0 poi alla periferia di Roma per continuare la sua missione.<\/p>\n<p style=\"text-align: justify;\">E\u2019 l\u2019inizio del Cammino Neocatecumenale, che fa sua l\u2019istanza del Concilio Vaticano II di istituire il catecumenato degli adulti, distinto in pi\u00f9 gradi (SC 64), dando inizio ad una forma di iniziazione cristiana, presente oggi in oltre cento paesi del mondo. Questo libro ne racconta, per la prima volta in prima persona, la nascita.<\/p>\n<div class=\"powerpressbox\">\n<h3 style=\"text-align: justify;\">Ascolta l&#8217;intervista di <a href=\"http:\/\/it.radiovaticana.va\/news\/2013\/02\/08\/pubblicato_il_libro__il_kerygma_._kiko_racconta_la_sua_conversione\/it1-663227\" target=\"_blank\">Radio Vaticana<\/a><\/h3>\n<p>[powerpress]<\/p>\n<\/div>\n<p class=\"sito-web\">Link utili:<\/p>\n<p class=\"acquista-paragrafo\"><a href=\"http:\/\/www.ibs.it\/code\/9788821577949\/arg-uuml-ello-kiko\/kerigma-nelle-baracche-con.html?shop=3462\" target=\"_blank\">Acquista il libro<\/a> su IBS<\/p>\n<p class=\"acquista-paragrafo\"><a href=\"http:\/\/www.libreriadelsanto.it\/libri\/9788821577949\/il-kerigma.html?p=sot\" target=\"_blank\">Acquista il libro<\/a> su Libreria del Santo<\/p>\n","protected":false},"excerpt":{"rendered":"<p>Nato in una famiglia cristiana, Kiko Arg\u00fcello riceve un\u2019educazione religiosa. Ma a un certo punto della sua vita, la fede va in crisi. \u201cDio esiste o non esiste?\u201d, si domanda. Entra cos\u00ec in un periodo di deserto spirituale nel quale nulla per\u00f2 lo soddisfa: n\u00e9 i successi artistici come pittore, n\u00e9 le relazioni umane. Sull\u2019orlo&#8230;<\/p>\n","protected":false},"author":3,"featured_media":0,"comment_status":"closed","ping_status":"closed","sticky":false,"template":"","format":"standard","meta":{"_kad_post_transparent":"","_kad_post_title":"","_kad_post_layout":"","_kad_post_sidebar_id":"","_kad_post_content_style":"","_kad_post_vertical_padding":"","_kad_post_feature":"","_kad_post_feature_position":"","_kad_post_header":false,"_kad_post_footer":false,"_kad_post_classname":"","footnotes":""},"categories":[103,149],"tags":[17,541],"class_list":["post-234642","post","type-post","status-publish","format-standard","hentry","category-103","category-interviste","tag-libri","tag-neocatecumenali"],"_links":{"self":[{"href":"https:\/\/archivio.cercoiltuovolto.it\/index.php?rest_route=\/wp\/v2\/posts\/234642","targetHints":{"allow":["GET"]}}],"collection":[{"href":"https:\/\/archivio.cercoiltuovolto.it\/index.php?rest_route=\/wp\/v2\/posts"}],"about":[{"href":"https:\/\/archivio.cercoiltuovolto.it\/index.php?rest_route=\/wp\/v2\/types\/post"}],"author":[{"embeddable":true,"href":"https:\/\/archivio.cercoiltuovolto.it\/index.php?rest_route=\/wp\/v2\/users\/3"}],"replies":[{"embeddable":true,"href":"https:\/\/archivio.cercoiltuovolto.it\/index.php?rest_route=%2Fwp%2Fv2%2Fcomments&post=234642"}],"version-history":[{"count":0,"href":"https:\/\/archivio.cercoiltuovolto.it\/index.php?rest_route=\/wp\/v2\/posts\/234642\/revisions"}],"wp:attachment":[{"href":"https:\/\/archivio.cercoiltuovolto.it\/index.php?rest_route=%2Fwp%2Fv2%2Fmedia&parent=234642"}],"wp:term":[{"taxonomy":"category","embeddable":true,"href":"https:\/\/archivio.cercoiltuovolto.it\/index.php?rest_route=%2Fwp%2Fv2%2Fcategories&post=234642"},{"taxonomy":"post_tag","embeddable":true,"href":"https:\/\/archivio.cercoiltuovolto.it\/index.php?rest_route=%2Fwp%2Fv2%2Ftags&post=234642"}],"curies":[{"name":"wp","href":"https:\/\/api.w.org\/{rel}","templated":true}]}}