{"id":234589,"date":"2013-01-23T06:07:56","date_gmt":"2013-01-23T06:07:56","guid":{"rendered":"https:\/\/archivio.cercoiltuovolto.it\/?p=234589"},"modified":"2013-01-23T06:07:56","modified_gmt":"2013-01-23T06:07:56","slug":"riflessione-sul-vangelo-iii-domenica-del-t-o-anno-c-27-gennaio-2013","status":"publish","type":"post","link":"https:\/\/archivio.cercoiltuovolto.it\/?p=234589","title":{"rendered":"Riflessione sul Vangelo: III domenica del T. O. (anno C) &#8211; 27 gennaio 2013"},"content":{"rendered":"<p style=\"text-align: center\"><img loading=\"lazy\" decoding=\"async\" class=\"aligncenter size-full wp-image-14742\" title=\"Riflessione sul Vangelo della domenica - don Mauro Manzoni\" alt=\"\" src=\"http:\/\/www.cercoiltuovolto.it\/wp-content\/uploads\/2010\/11\/manzoni.png\" width=\"476\" height=\"132\" \/><\/p>\n<p style=\"text-align: justify\">&#8220;<em>La Parola di Dio<\/em>&#8220;, canale YouTube del prolifico Don Mauro di <a href=\"http:\/\/www.graficapastorale.it\"><strong>graficapastorale.it<\/strong><\/a>, propone una riflessione sul brano del Vangelo di domenica prossima<strong>, <i>\u00a027 gennaio 2013<\/i><\/strong><strong>.<\/strong><\/p>\n<p style=\"text-align: center\">http:\/\/www.youtube.com\/watch?v=KWHAfe9-4w0<\/p>\n<blockquote>\n<h4>Chi desidera automaticamente avere il testo delle riflessioni, mandi il proprio indirizzo email a riflessionevangelo@graficapastorale.com che lo spedir\u00e0 ogni settimana.<\/h4>\n<\/blockquote>\n<blockquote style=\"text-align: justify\">\n<p><em>Lc 1, 1-4; 4, 14-21<\/em><br \/><em>Dal Vangelo secondo\u00a0Luca<\/em><\/p>\n<p>Poich\u00e9 molti hanno cercato di raccontare con ordine gli avvenimenti che si sono compiuti in mezzo a noi, come ce li hanno trasmessi coloro che ne furono testimoni oculari fin da principio e divennero ministri della Parola, cos\u00ec anch&#8217;io ho deciso di fare ricerche accurate su ogni circostanza, fin dagli inizi, e di scriverne un resoconto ordinato per te, illustre Te\u00f2filo, in modo che tu possa renderti conto della solidit\u00e0 degli insegnamenti che hai ricevuto.<br \/>In quel tempo, Ges\u00f9 ritorn\u00f2 in Galilea con la potenza dello Spirito e la sua fama si diffuse in tutta la regione. Insegnava nelle loro sinagoghe e gli rendevano lode.<br \/>Venne a N\u00e0zaret, dove era cresciuto, e secondo il suo solito, di sabato, entr\u00f2 nella sinagoga e si alz\u00f2 a leggere. Gli fu dato il rotolo del profeta Isa\u00eca; apr\u00ec il rotolo e trov\u00f2 il passo dove era scritto:<br \/>\u00abLo Spirito del Signore \u00e8 sopra di me;<br \/>per questo mi ha consacrato con l&#8217;unzione<br \/>e mi ha mandato a portare ai poveri il lieto annuncio,<br \/>a proclamare ai prigionieri la liberazione<br \/>e ai ciechi la vista;<br \/>a rimettere in libert\u00e0 gli oppressi<br \/>e proclamare l&#8217;anno di grazia del Signore\u00bb.<br \/>Riavvolse il rotolo, lo riconsegn\u00f2 all&#8217;inserviente e sedette. Nella sinagoga, gli occhi di tutti erano fissi su di lui. Allora cominci\u00f2 a dire loro: \u00abOggi si \u00e8 compiuta questa Scrittura che voi avete ascoltato\u00bb.<\/p>\n<p>C: Parola del Signore.<br \/>A: Lode a Te o Cristo.<\/p>\n<\/blockquote>\n<p class=\"link\"><a href=\"http:\/\/www.youtube.com\/watch?v=KWHAfe9-4w0\">Link al Video<\/a><\/p>\n<p style=\"text-align: center\">http:\/\/www.youtube.com\/watch?v=YwEazRSJNI4<\/p>\n","protected":false},"excerpt":{"rendered":"<p>&#8220;La Parola di Dio&#8221;, canale YouTube del prolifico Don Mauro di graficapastorale.it, propone una riflessione sul brano del Vangelo di domenica prossima, 27 gennaio 2013.<\/p>\n","protected":false},"author":3,"featured_media":0,"comment_status":"closed","ping_status":"closed","sticky":false,"template":"","format":"standard","meta":{"_kad_post_transparent":"","_kad_post_title":"","_kad_post_layout":"","_kad_post_sidebar_id":"","_kad_post_content_style":"","_kad_post_vertical_padding":"","_kad_post_feature":"","_kad_post_feature_position":"","_kad_post_header":false,"_kad_post_footer":false,"_kad_post_classname":"","footnotes":""},"categories":[103,147],"tags":[404,172,83],"class_list":["post-234589","post","type-post","status-publish","format-standard","hentry","category-103","category-commento-al-vangelo","tag-don-mauro-manzoni","tag-vangelo-della-domenica","tag-youtube"],"_links":{"self":[{"href":"https:\/\/archivio.cercoiltuovolto.it\/index.php?rest_route=\/wp\/v2\/posts\/234589","targetHints":{"allow":["GET"]}}],"collection":[{"href":"https:\/\/archivio.cercoiltuovolto.it\/index.php?rest_route=\/wp\/v2\/posts"}],"about":[{"href":"https:\/\/archivio.cercoiltuovolto.it\/index.php?rest_route=\/wp\/v2\/types\/post"}],"author":[{"embeddable":true,"href":"https:\/\/archivio.cercoiltuovolto.it\/index.php?rest_route=\/wp\/v2\/users\/3"}],"replies":[{"embeddable":true,"href":"https:\/\/archivio.cercoiltuovolto.it\/index.php?rest_route=%2Fwp%2Fv2%2Fcomments&post=234589"}],"version-history":[{"count":0,"href":"https:\/\/archivio.cercoiltuovolto.it\/index.php?rest_route=\/wp\/v2\/posts\/234589\/revisions"}],"wp:attachment":[{"href":"https:\/\/archivio.cercoiltuovolto.it\/index.php?rest_route=%2Fwp%2Fv2%2Fmedia&parent=234589"}],"wp:term":[{"taxonomy":"category","embeddable":true,"href":"https:\/\/archivio.cercoiltuovolto.it\/index.php?rest_route=%2Fwp%2Fv2%2Fcategories&post=234589"},{"taxonomy":"post_tag","embeddable":true,"href":"https:\/\/archivio.cercoiltuovolto.it\/index.php?rest_route=%2Fwp%2Fv2%2Ftags&post=234589"}],"curies":[{"name":"wp","href":"https:\/\/api.w.org\/{rel}","templated":true}]}}