{"id":234550,"date":"2013-01-13T15:39:02","date_gmt":"2013-01-13T15:39:02","guid":{"rendered":"https:\/\/archivio.cercoiltuovolto.it\/?p=234550"},"modified":"2013-01-13T15:39:02","modified_gmt":"2013-01-13T15:39:02","slug":"benedetto-xvi-angelus-del-13-gennaio-2013-in-mp3","status":"publish","type":"post","link":"https:\/\/archivio.cercoiltuovolto.it\/?p=234550","title":{"rendered":"Benedetto XVI &#8211; Angelus del 13 gennaio 2013 in mp3"},"content":{"rendered":"<blockquote>\n<p><em>Cari fratelli e sorelle!<\/em><\/p>\n<p style=\"text-align: justify;\">Con questa domenica dopo l\u2019Epifania si conclude il Tempo liturgico del Natale: tempo di luce, la luce di Cristo che, come nuovo sole apparso all\u2019orizzonte dell\u2019umanit\u00e0, disperde le tenebre del male e dell\u2019ignoranza. Celebriamo oggi la festa del Battesimo di Ges\u00f9: quel Bambino, figlio della Vergine, che abbiamo contemplato nel mistero della sua nascita, lo vediamo oggi adulto immergersi nelle acque del fiume Giordano, e santificare cos\u00ec tutte le acque e il cosmo intero \u2013 come evidenzia la tradizione orientale. Ma perch\u00e9 Ges\u00f9, in cui non c\u2019era ombra di peccato, and\u00f2 a farsi battezzare da Giovanni? Perch\u00e9 volle compiere quel gesto di penitenza e conversione, insieme con tante persone che cos\u00ec volevano prepararsi alla venuta del Messia? Quel gesto \u2013 che segna l\u2019inizio della vita pubblica di Cristo \u2013 si pone nella stessa linea dell\u2019Incarnazione, della discesa di Dio dal pi\u00f9 alto dei cieli all\u2019abisso degli inferi. Il senso di questo movimento di abbassamento divino si riassume in un\u2019unica parola: amore, che \u00e8 il nome stesso di Dio. Scrive l\u2019apostolo Giovanni: \u00abIn questo si \u00e8 manifestato l\u2019amore di Dio in noi: Dio ha mandato nel mondo il suo Figlio unigenito, perch\u00e9 noi avessimo la vita per mezzo di lui\u00bb, e lo ha mandato \u00abcome vittima di espiazione per i nostri peccati\u00bb (<em>1 Gv<\/em>\u00a04,9-10). Ecco perch\u00e9 il primo atto pubblico di Ges\u00f9 fu ricevere il battesimo di Giovanni, il quale, vedendolo arrivare, disse: \u00abEcco l\u2019agnello di Dio, colui che toglie il peccato del mondo\u00bb (<em>Gv<\/em>1,29).<\/p>\n<p style=\"text-align: justify;\">Narra l\u2019evangelista Luca che mentre Ges\u00f9, ricevuto il battesimo, \u00abstava in preghiera, il cielo si apr\u00ec e discese sopra di lui lo Spirito Santo in forma corporea, come una colomba, e venne una voce dal cielo: \u201cTu sei il Figlio mio, l\u2019amato: in te ho posto il mio compiacimento\u201d\u00bb (3,21-22). Questo Ges\u00f9 \u00e8 il Figlio di Dio che \u00e8 totalmente immerso nella volont\u00e0 di amore del Padre. Questo Ges\u00f9 \u00e8 Colui che morir\u00e0 sulla croce e risorger\u00e0 per la potenza dello stesso Spirito che ora si posa su di Lui e lo consacra. Questo Ges\u00f9 \u00e8 l\u2019uomo nuovo che vuole vivere da figlio di Dio, cio\u00e8 nell\u2019amore; l\u2019uomo che, di fronte al male del mondo, sceglie la via dell\u2019umilt\u00e0 e della responsabilit\u00e0, sceglie non di salvare se stesso ma di offrire la propria vita per la verit\u00e0 e la giustizia. Essere cristiani significa vivere cos\u00ec, ma questo genere di vita comporta una rinascita: rinascere dall\u2019alto, da Dio, dalla Grazia. Questa rinascita \u00e8 il Battesimo, che Cristo ha donato alla Chiesa per rigenerare gli uomini a vita nuova. Afferma un antico testo attribuito a sant\u2019Ippolito: \u00abChi scende con fede in questo lavacro di rigenerazione, rinuncia al diavolo e si schiera con Cristo, rinnega il nemico e riconosce che Cristo \u00e8 Dio, si spoglia della schiavit\u00f9 e si riveste dell\u2019adozione filiale\u00bb (<em>Discorso sull\u2019Epifania<\/em>, 10:\u00a0<em>PG<\/em>\u00a010, 862).<\/p>\n<p style=\"text-align: justify;\">Secondo la tradizione, stamani ho avuto la gioia di battezzare un folto gruppo di bambini che sono nati negli ultimi tre o quattro mesi. In questo momento vorrei estendere la mia preghiera e la mia benedizione a tutti i neonati; ma soprattutto invitare tutti a fare memoria del proprio Battesimo, di quella rinascita spirituale che ci ha aperto la via della vita eterna. Possa ogni cristiano, in quest\u2019<em>Anno della fede<\/em>, riscoprire la bellezza di essere rinato dall\u2019alto, dall\u2019amore di Dio, e vivere come figlio di Dio.<\/p>\n<ul>\n<li><a href=\"http:\/\/www.vatican.va\/holy_father\/benedict_xvi\/angelus\/2013\/documents\/hf_ben-xvi_ang_20130113_battesimo_it.html\">Leggi tutto il messaggio<\/a> <em>\u00a9 Copyright 2012 &#8211; Libreria Editrice Vaticana<\/em><\/li>\n<li><a href=\"http:\/\/player.rv.va\/vaticanplayer.asp?language=it&amp;tic=VA_9RDD5LN4\" target=\"_blank\"><em>Link al Video<\/em><\/a><\/li>\n<\/ul>\n<\/blockquote>\n<p><img loading=\"lazy\" decoding=\"async\" class=\"alignnone size-full wp-image-25340\" style=\"margin-bottom: -35px;\" title=\"ascolta-il-podcast\" alt=\"\" src=\"http:\/\/www.cercoiltuovolto.it\/wp-content\/uploads\/2012\/09\/ascolta-il-podcast.png\" width=\"277\" height=\"77\" \/><\/p>\n<div class=\"powerpressbox\">[powerpress]<\/div>\n<p style=\"text-align: justify;\"><strong>Fonte<\/strong>: Radio Vaticana via FeedRss<\/p>\n<p style=\"text-align: justify;\"><span style=\"font-size: xx-small;\"><em>(The content of this podcast is copyrighted by Vatican Radio which, according to its statute, is entrusted to manage and protect the sound recordings of the Roman Pontiff, ensuring that their pastoral character and intellectual property&#8217;s rights are protected when used by third parties. The content of this podcast is made available only for personal and private use and cannot be exploited for commercial purposes, without prior written authorization by Vatican Radio. For further information, please contact the International Relation Office at relint@vatiradio.va)<\/em><\/span><\/p>\n","protected":false},"excerpt":{"rendered":"<p>Cari fratelli e sorelle! Con questa domenica dopo l\u2019Epifania si conclude il Tempo liturgico del Natale: tempo di luce, la luce di Cristo che, come nuovo sole apparso all\u2019orizzonte dell\u2019umanit\u00e0, disperde le tenebre del male e dell\u2019ignoranza. Celebriamo oggi la festa del Battesimo di Ges\u00f9: quel Bambino, figlio della Vergine, che abbiamo contemplato nel mistero&#8230;<\/p>\n","protected":false},"author":3,"featured_media":0,"comment_status":"closed","ping_status":"closed","sticky":false,"template":"","format":"standard","meta":{"_kad_post_transparent":"","_kad_post_title":"","_kad_post_layout":"","_kad_post_sidebar_id":"","_kad_post_content_style":"","_kad_post_vertical_padding":"","_kad_post_feature":"","_kad_post_feature_position":"","_kad_post_header":false,"_kad_post_footer":false,"_kad_post_classname":"","footnotes":""},"categories":[103,114],"tags":[452,73,9],"class_list":["post-234550","post","type-post","status-publish","format-standard","hentry","category-103","category-angelus","tag-battesimo-del-signore","tag-benedetto-xvi","tag-vaticano"],"_links":{"self":[{"href":"https:\/\/archivio.cercoiltuovolto.it\/index.php?rest_route=\/wp\/v2\/posts\/234550","targetHints":{"allow":["GET"]}}],"collection":[{"href":"https:\/\/archivio.cercoiltuovolto.it\/index.php?rest_route=\/wp\/v2\/posts"}],"about":[{"href":"https:\/\/archivio.cercoiltuovolto.it\/index.php?rest_route=\/wp\/v2\/types\/post"}],"author":[{"embeddable":true,"href":"https:\/\/archivio.cercoiltuovolto.it\/index.php?rest_route=\/wp\/v2\/users\/3"}],"replies":[{"embeddable":true,"href":"https:\/\/archivio.cercoiltuovolto.it\/index.php?rest_route=%2Fwp%2Fv2%2Fcomments&post=234550"}],"version-history":[{"count":0,"href":"https:\/\/archivio.cercoiltuovolto.it\/index.php?rest_route=\/wp\/v2\/posts\/234550\/revisions"}],"wp:attachment":[{"href":"https:\/\/archivio.cercoiltuovolto.it\/index.php?rest_route=%2Fwp%2Fv2%2Fmedia&parent=234550"}],"wp:term":[{"taxonomy":"category","embeddable":true,"href":"https:\/\/archivio.cercoiltuovolto.it\/index.php?rest_route=%2Fwp%2Fv2%2Fcategories&post=234550"},{"taxonomy":"post_tag","embeddable":true,"href":"https:\/\/archivio.cercoiltuovolto.it\/index.php?rest_route=%2Fwp%2Fv2%2Ftags&post=234550"}],"curies":[{"name":"wp","href":"https:\/\/api.w.org\/{rel}","templated":true}]}}