{"id":234548,"date":"2013-01-13T11:21:33","date_gmt":"2013-01-13T11:21:33","guid":{"rendered":"https:\/\/archivio.cercoiltuovolto.it\/?p=234548"},"modified":"2013-01-13T11:21:33","modified_gmt":"2013-01-13T11:21:33","slug":"libri-storia-del-concilio-vaticano-ii-i-vescovi-della-toscana-al-concilio-vaticano-ii","status":"publish","type":"post","link":"https:\/\/archivio.cercoiltuovolto.it\/?p=234548","title":{"rendered":"Libri: Storia del Concilio Vaticano II &#8211; I Vescovi della Toscana al Concilio Vaticano II"},"content":{"rendered":"<h3>Presentazione Libri su Concilio Vaticano II<\/h3>\n<p style=\"text-align: justify;\">Sede della Provincia di Firenze: presentazione dei libri di Riccardo Burigana, &#8220;Storia del Concilio&#8221; (Torino Lindau, 2012) e &#8220;I Vescovi della Toscana al Concilio Vaticano II&#8221;, a cura di Renato Burigana &#8211; Riccardo Burigana (Firenze, Fondazione Giovanni Paolo II, 2012). Presenti il card. Francesco Coccopalmerio, mons. Luciano Giovannetti, vescovo emerito di Fiesole, Marco Bontempi, e l&#8217;assessore provinciale all&#8217;istruzione Giovanni Di Fede. Modera Andrea Fagioli, direttore di Toscana Oggi. Servizio di Riccardo Bigi<\/p>\n<div class=\"powerpressbox\">\n<h3>Guarda l&#8217;intervento<\/h3>\n<p><div class=\"entry-content-asset videofit\"><iframe loading=\"lazy\" title=\"Presentazione Libri su Concilio Vaticano II\" width=\"720\" height=\"405\" src=\"https:\/\/www.youtube.com\/embed\/_C9YF9P9z6w?feature=oembed\" frameborder=\"0\" allow=\"accelerometer; autoplay; clipboard-write; encrypted-media; gyroscope; picture-in-picture; web-share\" referrerpolicy=\"strict-origin-when-cross-origin\" allowfullscreen><\/iframe><\/div>\n<\/p>\n<\/div>\n<h2>Storia del Concilio Vaticano II<\/h2>\n<p style=\"text-align: justify;\"><a href=\"http:\/\/www.cercoiltuovolto.it\/wp-content\/uploads\/2013\/01\/Storia-del-Concilio-Vaticano-II.jpg\"><img loading=\"lazy\" decoding=\"async\" class=\"alignleft size-full wp-image-27398\" alt=\"Storia del Concilio Vaticano II\" src=\"http:\/\/www.cercoiltuovolto.it\/wp-content\/uploads\/2013\/01\/Storia-del-Concilio-Vaticano-II.jpg\" width=\"200\" height=\"299\" \/><\/a>Il Concilio Ecumenico Vaticano II fu indetto il 25 gennaio 1959, ma si apr\u00ec soltanto l&#8217;11 ottobre 1962. La sua preparazione fu infatti lunga e complessa. La commissione antepreparatoria, presieduta dal cardinale Domenico Tardini, consult\u00f2 cardinali, vescovi, congregazioni, superiori generali, universit\u00e0 cattoliche e facolt\u00e0 teologiche, per chiedere suggerimenti sugli argomenti da affrontare. Nel 1960 fu poi nominata la commissione preparatoria, che elabor\u00f2 gli schemi da sottoporre ai Padri conciliari. Proprio in questa fase del lavoro emersero i pensieri e le speranze di tanti cristiani, che ritenevano ormai necessario e urgente l&#8217;avvio di un processo di aggiornamento. Dopo le convulse vicende della prima Sessione, che si concluse senza l&#8217;approvazione di un solo documento, e i primi passi della prima intersessione, la scomparsa di Giovanni XXIII (il 3 giugno 1963) e l&#8217;elezione del cardinale Giovanni Battista Montini al soglio pontificio segnarono una svolta nella vita del Concilio. Paolo VI, infatti, fin dalle prime settimane del suo pontificato si impegn\u00f2 per superare le difficolt\u00e0, anche di carattere procedurale. Fino alla conclusione dei lavori (l&#8217;8 dicembre 1965), non si tratt\u00f2 tuttavia di un percorso semplice, visti i temi affrontati: dalla natura dell&#8217;Istituzione ecclesiastica al dialogo ecumenico, dal ruolo della Bibbia nella vita della Chiesa al rapporto tra quest&#8217;ultima e il mondo moderno.<\/p>\n<p class=\"acquista-paragrafo\"><a href=\"http:\/\/www.ibs.it\/code\/9788871809854\/burigana-riccardo\/storia-del-concilio-vaticano.html?shop=3462\" target=\"_blank\">Acquista il libro<\/a> su IBS<\/p>\n<p class=\"acquista-paragrafo\"><a href=\"http:\/\/www.libreriadelsanto.it\/libri\/9788871809854\/storia-del-concilio-vaticano-ii.html?p=sot\" target=\"_blank\">Acquista il libro<\/a> su Libreria del Santo<\/p>\n<h2>I Vescovi della Toscana al Concilio Vaticano II<\/h2>\n<p style=\"text-align: justify;\">Il volume si propone di offrire un contributo alla conoscenza della partecipazione dei vescovi della Toscana al Concilio Vaticano II attraverso la lettura di una serie di testi: proposte, lettere pastorali, lettere dal Concilio, riflessioni. Vengono inoltre presentate le note manoscritte (inedite) di Mons. Carlo Baldini, vescovo di Chiusi-Pienza, alla prima sessione del Concilio Vaticano II (1962). Questi testi sono preceduti da una prefazione di Mons. Luciano Giovannetti, vescovo emerito di Fiesole, dall&#8217;introduzione dei curatori e da due interventi, il primo di Mons. Alessandro Plotti, arcivescovo emerito di Pisa, sulla partecipazione dei vescovi toscani al Vaticano II e sulla sua recezione in Toscana, e il secondo del Prof. Paolo Nepi sulla figura di Giorgio La Pira negli anni del Vaticano II. Il volume si conclude con delle note bio-bibliografiche sui 39 vescovi toscani presenti a Vaticano II.<\/p>\n<p class=\"acquista-paragrafo\"><a href=\"xxxxxxxxxx?shop=3462\" target=\"_blank\">Acquista il libro<\/a> su IBS<\/p>\n<p style=\"text-align: justify;\"><strong>Toscana Oggi<\/strong><\/p>\n<p style=\"text-align: justify;\">Nella cornice della Sala Luca Giordano di Palazzo Medici Riccardi a Firenze, si \u00e8 tenuto ieri l\u2019incontro \u201cMemorie del Concilio Vaticano II\u201d, organizzato dalla Fondazione Giovanni Paolo II e patrocinato dalla Provincia di Firenze. L\u2019appuntamento \u00e8 stato occasione per la presentazione dei volumi \u201cStoria del Concilio\u201d (Ed. Lindau) di Riccardo Burigana e \u201cI vescovi della Toscana al Concilio Vaticano II\u201d (Ed. Fondazione Giovanni Paolo II) di Riccardo e Renato Burigana. Il volume a cura dei fratelli Burigana contiene una serie di testi che raccontano l\u2019importanza della presenza dei vescovi della Toscana al Concilio Vaticano II: lettere pastorali, lettere dal Concilio, commenti e note manoscritte &#8211; alcune delle quali inedite &#8211; di mons. Carlo Baldini, vescovo di Chiusi-Pienza, relative alla prima sessione conciliare, dell\u2019anno 1962.<\/p>\n<p style=\"text-align: justify;\">La prefazione ai testi, a cura di mons.\u00a0<b>Luciano Giovannetti<\/b>, vescovo emerito di Fiesole e presidente della Fondazione Giovanni Paolo II, illustra con precisione l\u2019intento del libro: \u201cCon la pubblicazione di questo volume, che costituisce il secondo Quaderno della Collana di studi Colloquia Meditteranea, la Fondazione Giovanni Paolo II formula la speranza che ci possano essere nuove ricerche storico-teologiche con le quali recuperare la memoria di un tempo tanto ricco di progetti e di riflessioni. A distanza di cinquant\u2019anni dall\u2019apertura del Vaticano II appare cos\u00ec opportuno ritornare a leggere le parole dei vescovi della Toscana per alimentare la ricezione di un Concilio che vuole essere bussola per tutti i cristiani, impegnati quotidianamente a essere testimoni fedeli di Cristo, salvatore delle genti\u201d.<\/p>\n<p style=\"text-align: justify;\">A seguire il volume presenta l\u2019introduzione dei curatori e due interventi, quello di mons. Alessandro Plotti e di Paolo Nepi, che approfondiscono il ruolo di Giorgio La Pira negli anni del Concilio. Nella parte finale, note bio-bibliografiche sui 39 vescovi toscani che furono presenti al Concilio Vaticano II.<br \/><b>Una nuova stagione.<\/b>\u00a0L\u2019evento \u00e8 stato moderato dal direttore di \u201cToscana Oggi\u201d,\u00a0<b>Andrea Fagioli<\/b>, che, dopo un\u2019introduzione delle opere presentate, ha passato la parola all\u2019assessore alla Cultura della Provincia di Firenze,\u00a0<b>Giovanni Di Fede<\/b>, che per l\u2019occasione ha sostituito il presidente della Provincia assente per impegni istituzionali. Per Di Fede \u201cquest\u2019incontro \u00e8 un\u2019utile riflessione per la nostra azione quotidiana, di noi amministratori e di tutti i cittadini. Affrontare questo tema fa bene a tutti, cattolici e non, e il tempo del Concilio \u00e8 servito a tutta l\u2019umanit\u00e0, a tutti gli italiani e ai toscani dopo il terribile periodo di guerra, come rinascita. Il libro sui vescovi della Toscana \u00e8 particolarmente importante perch\u00e9 mostra quanto il Concilio sia stato un effettivo dialogo tra le persone e tra i popoli, con una forte presenza dei laici\u201d. E ha aggiunto: \u201cIl Concilio fu determinato dalla necessit\u00e0 di cambiamento dei costumi e della societ\u00e0 con l\u2019azione di una Chiesa che \u00e8 stata capace di andare oltre i soliti confini dell\u2019Occidente, con un\u2019importante apertura alle altre confessioni religiose. Un Concilio, in buona sostanza, che ha rotto gli schemi del passato ed ha guardato avanti\u201d.<\/p>\n<p style=\"text-align: justify;\">A seguire ha preso la parola il card.\u00a0<b>Francesco Coccopalmerio<\/b>, presidente del Pontificio Consiglio dei testi legislativi: \u201cSono contento di essere qui per l\u2019importanza del tema e per l\u2019amicizia che mi lega ai fratelli Burigana. Il Concilio \u00e8 stato interamente animato dal \u2018desiderio di immergersi nel mistero cristiano per riproporlo ai fedeli\u2019 e, nel dire questo, cito Benedetto XVI che l\u201911 ottobre scorso, in occasione del 56\u00b0 anno dall\u2019apertura del Concilio e data anche dell\u2019apertura dell\u2019Anno della fede, ha usato queste parole per sottolineare l\u2019importanza che ha sempre attribuito al Vaticano II. Ratzinger, fin da quando era prefetto della Congregazione per la Dottrina della Fede, ha dato sempre estrema importanza alla ricezione dei documenti conciliari, ed ancora oggi continua ad insistere sull\u2019importanza dello studio delle fonti e sulla biografia di coloro che vi hanno partecipato\u201d. In questo senso, \u201cnonostante negli ultimi mesi siano state molte le pubblicazioni biografiche sul Vaticano II, i volumi dei fratelli Burigana sono stati particolarmente significativi. Riccardo, infatti, \u00e8 da anni studioso e cultore della storia del Vaticano II e del Movimento ecumenico, di cui \u00e8 presidente nazionale. Questi studi sono una sintesi delle pi\u00f9 recenti ricostruzioni storiche del Vaticano II e aprono una nuova stagione conoscitiva di quest\u2019assise\u201d. Secondo il cardinale, \u201cgli autori ci spiegano cosa \u00e8 stato il Concilio per la storia della Chiesa e per tutta la comunit\u00e0 mondiale\u201d.\u00a0<br \/><b>Per la Chiesa e per il mondo.<\/b>\u00a0All\u2019incontro \u00e8 intervenuto anche\u00a0<b>Marco Bontempi\u00a0<\/b>dell\u2019Universit\u00e0 degli Studi di Firenze: \u201cLa lettura di entrambi i volumi \u00e8 stata senza dubbio stimolante; da sociologo quale sono, ho letto con grande rigore scientifico questi eventi storici la cui portata \u00e8 stata molto grande per tutta la comunit\u00e0. I due volumi rappresentano un lavoro storico di grande spessore e sono raccontati in maniera semplice ed accattivante. Essi danno la visione del singolo, dell\u2019individuo, attraverso il punto di vita dei vescovi, dalla fonte dei loro diari, che offrono un vivace contributo al racconto della Storia\u201d.<\/p>\n<p style=\"text-align: justify;\">Mons.\u00a0<b>Giovannetti<\/b>\u00a0ha concluso l\u2019incontro: \u201cFu detto che per recepire il Concilio ci sarebbero voluti settant\u2019anni; dobbiamo ammettere che in gran parte il Vaticano II \u00e8 stato recepito, ma ancora c\u2019\u00e8 del lavoro da fare, e questi sono anni decisivi per la storia dell\u2019umanit\u00e0. Momenti come questi, in cui a noi \u00e8 data facolt\u00e0 di dialogare e confrontarci su temi importanti, devono aprire la strada a sempre maggiore voglia di conoscere il Concilio nei suoi aspetti pi\u00f9 profondi. Giovanni Paolo II, nel 1986, disse che il mondo non avrebbe avuto questi valori positivi senza l\u2019apporto dell\u2019umanesimo toscano; allo stesso modo io dico che il Vaticano II \u00e8 stato grande grazie anche alla presenza dei vescovi della Toscana. Tutti dobbiamo essere un punto di riferimento per la Chiesa e per il mondo intero\u201d.<\/p>\n<p class=\"link\">Fonte: <a href=\"http:\/\/www.toscanaoggi.it\/Cultura-Societa\/Firenze-presentati-due-libri-sul-contributo-dei-vescovi-toscani-al-Concilio\" target=\"_blank\">Toscana Oggi<\/a><\/p>\n","protected":false},"excerpt":{"rendered":"<p>Presentazione Libri su Concilio Vaticano II Sede della Provincia di Firenze: presentazione dei libri di Riccardo Burigana, &#8220;Storia del Concilio&#8221; (Torino Lindau, 2012) e &#8220;I Vescovi della Toscana al Concilio Vaticano II&#8221;, a cura di Renato Burigana &#8211; Riccardo Burigana (Firenze, Fondazione Giovanni Paolo II, 2012). Presenti il card. Francesco Coccopalmerio, mons. Luciano Giovannetti, vescovo&#8230;<\/p>\n","protected":false},"author":3,"featured_media":0,"comment_status":"closed","ping_status":"closed","sticky":false,"template":"","format":"standard","meta":{"_kad_post_transparent":"","_kad_post_title":"","_kad_post_layout":"","_kad_post_sidebar_id":"","_kad_post_content_style":"","_kad_post_vertical_padding":"","_kad_post_feature":"","_kad_post_feature_position":"","_kad_post_header":false,"_kad_post_footer":false,"_kad_post_classname":"","footnotes":""},"categories":[103,499],"tags":[57,17],"class_list":["post-234548","post","type-post","status-publish","format-standard","hentry","category-103","category-concilio","tag-conferenze","tag-libri"],"_links":{"self":[{"href":"https:\/\/archivio.cercoiltuovolto.it\/index.php?rest_route=\/wp\/v2\/posts\/234548","targetHints":{"allow":["GET"]}}],"collection":[{"href":"https:\/\/archivio.cercoiltuovolto.it\/index.php?rest_route=\/wp\/v2\/posts"}],"about":[{"href":"https:\/\/archivio.cercoiltuovolto.it\/index.php?rest_route=\/wp\/v2\/types\/post"}],"author":[{"embeddable":true,"href":"https:\/\/archivio.cercoiltuovolto.it\/index.php?rest_route=\/wp\/v2\/users\/3"}],"replies":[{"embeddable":true,"href":"https:\/\/archivio.cercoiltuovolto.it\/index.php?rest_route=%2Fwp%2Fv2%2Fcomments&post=234548"}],"version-history":[{"count":0,"href":"https:\/\/archivio.cercoiltuovolto.it\/index.php?rest_route=\/wp\/v2\/posts\/234548\/revisions"}],"wp:attachment":[{"href":"https:\/\/archivio.cercoiltuovolto.it\/index.php?rest_route=%2Fwp%2Fv2%2Fmedia&parent=234548"}],"wp:term":[{"taxonomy":"category","embeddable":true,"href":"https:\/\/archivio.cercoiltuovolto.it\/index.php?rest_route=%2Fwp%2Fv2%2Fcategories&post=234548"},{"taxonomy":"post_tag","embeddable":true,"href":"https:\/\/archivio.cercoiltuovolto.it\/index.php?rest_route=%2Fwp%2Fv2%2Ftags&post=234548"}],"curies":[{"name":"wp","href":"https:\/\/api.w.org\/{rel}","templated":true}]}}