{"id":234539,"date":"2013-01-12T22:11:01","date_gmt":"2013-01-12T22:11:01","guid":{"rendered":"https:\/\/archivio.cercoiltuovolto.it\/?p=234539"},"modified":"2013-01-12T22:11:01","modified_gmt":"2013-01-12T22:11:01","slug":"commento-al-vangelo-di-domenica-13-gennaio-2013-padre-bruno-secondin","status":"publish","type":"post","link":"https:\/\/archivio.cercoiltuovolto.it\/?p=234539","title":{"rendered":"Commento al Vangelo di domenica 13 gennaio 2013 &#8211; padre Bruno Secondin"},"content":{"rendered":"<p style=\"text-align: center;\"><img loading=\"lazy\" decoding=\"async\" class=\"aligncenter size-full wp-image-14846\" style=\"border: 0px;\" title=\"padre carmelitano Bruno Secondin\" alt=\"\" src=\"http:\/\/www.cercoiltuovolto.it\/wp-content\/uploads\/2010\/11\/secondin.png\" width=\"412\" height=\"132\" \/><\/p>\n<p style=\"text-align: justify;\">Nella Festa del Battesimo del Signore, la liturgia ci propone il passo del Vangelo in cui Giovanni Battista risponde a quanti si domandano se non sia lui il Cristo:<\/p>\n<blockquote>\n<p style=\"text-align: justify;\"><b>\u00abIo vi battezzo con acqua; ma viene colui che \u00e8 pi\u00f9 forte di me, a cui non sono degno di slegare i lacci dei sandali. Egli vi battezzer\u00e0 in Spirito Santo e fuoco\u00bb.<\/b><\/p>\n<\/blockquote>\n<p>Su questo brano del Vangelo, ascoltiamo il commento del carmelitano, padre Bruno Secondin, docente di Teologia spirituale alla Pontificia Universit\u00e0 Gregoriana:<\/p>\n<blockquote>\n<p style=\"text-align: justify;\">La prima scena del Vangelo sembra riprendere i temi dell\u2019Avvento, con l\u2019ansia del popolo di sapere se i cieli donano il sospirato Messia, e Giovanni che si schernisce: no, non \u00e8 lui il Messia atteso. Ma ormai ne \u00e8 prossima l\u2019apparizione tanto sognata: egli battezzer\u00e0 con potenza e fuoco, per una purificazione profonda, non solo rituale. Non c\u2019\u00e8 paragone fra il Messia e Giovanni, il primo \u00e8 ben pi\u00f9 forte e pieno di dignit\u00e0. Giovanni \u00e8 solo voce, rude certo, ma solo voce che scuote timpani e coscienze. Ed ecco apparire Ges\u00f9, e siamo alla seconda scena. Con poche parole Luca ci dice tante cose: anche Ges\u00f9 ha fatto la fila, ha condiviso l\u2019ansia per una nuova fase religiosa. Solidariet\u00e0 coraggiosa e audace con tutti. E poi il silenzio e la preghiera: mentre dal cielo giunge una voce che riconosce in Ges\u00f9, orante e solidale, il Figlio amato. La scena si anima di un simbolo classico, la colomba, che allude allo Spirito Santo che scende e feconda, illuminando la mente e dando forza al cuore. Anche noi siamo diventati col battesimo figli amati, rigenerati nello Spirito a vita nuova. Mai manchi la solidariet\u00e0 generosa con chi cerca e implora e la preghiera del cuore con il Padre che ci ama.<\/p>\n<\/blockquote>\n<p class=\"link\" style=\"text-align: justify;\">Fonte: <a href=\"http:\/\/it.radiovaticana.va\/news\/2013\/01\/12\/il_commento_di_padre_bruno_secondin_al_vangelo_della_domenica\/it1-655008\" target=\"_blank\">RadioVaticana<\/a><\/p>\n<div class=\"powerpressbox\">[powerpress]<\/div>\n","protected":false},"excerpt":{"rendered":"<p>Nella Festa del Battesimo del Signore, la liturgia ci propone il passo del Vangelo in cui Giovanni Battista risponde a quanti si domandano se non sia lui il Cristo: \u00abIo vi battezzo con acqua; ma viene colui che \u00e8 pi\u00f9 forte di me, a cui non sono degno di slegare i lacci dei sandali. Egli&#8230;<\/p>\n","protected":false},"author":3,"featured_media":0,"comment_status":"closed","ping_status":"closed","sticky":false,"template":"","format":"standard","meta":{"_kad_post_transparent":"","_kad_post_title":"","_kad_post_layout":"","_kad_post_sidebar_id":"","_kad_post_content_style":"","_kad_post_vertical_padding":"","_kad_post_feature":"","_kad_post_feature_position":"","_kad_post_header":false,"_kad_post_footer":false,"_kad_post_classname":"","footnotes":""},"categories":[103,453],"tags":[5,27,172],"class_list":["post-234539","post","type-post","status-publish","format-standard","hentry","category-103","category-battesimo-del-signore","tag-commento-al-vangelo","tag-radio-vaticana","tag-vangelo-della-domenica"],"_links":{"self":[{"href":"https:\/\/archivio.cercoiltuovolto.it\/index.php?rest_route=\/wp\/v2\/posts\/234539","targetHints":{"allow":["GET"]}}],"collection":[{"href":"https:\/\/archivio.cercoiltuovolto.it\/index.php?rest_route=\/wp\/v2\/posts"}],"about":[{"href":"https:\/\/archivio.cercoiltuovolto.it\/index.php?rest_route=\/wp\/v2\/types\/post"}],"author":[{"embeddable":true,"href":"https:\/\/archivio.cercoiltuovolto.it\/index.php?rest_route=\/wp\/v2\/users\/3"}],"replies":[{"embeddable":true,"href":"https:\/\/archivio.cercoiltuovolto.it\/index.php?rest_route=%2Fwp%2Fv2%2Fcomments&post=234539"}],"version-history":[{"count":0,"href":"https:\/\/archivio.cercoiltuovolto.it\/index.php?rest_route=\/wp\/v2\/posts\/234539\/revisions"}],"wp:attachment":[{"href":"https:\/\/archivio.cercoiltuovolto.it\/index.php?rest_route=%2Fwp%2Fv2%2Fmedia&parent=234539"}],"wp:term":[{"taxonomy":"category","embeddable":true,"href":"https:\/\/archivio.cercoiltuovolto.it\/index.php?rest_route=%2Fwp%2Fv2%2Fcategories&post=234539"},{"taxonomy":"post_tag","embeddable":true,"href":"https:\/\/archivio.cercoiltuovolto.it\/index.php?rest_route=%2Fwp%2Fv2%2Ftags&post=234539"}],"curies":[{"name":"wp","href":"https:\/\/api.w.org\/{rel}","templated":true}]}}