{"id":234529,"date":"2013-01-09T16:00:01","date_gmt":"2013-01-09T16:00:01","guid":{"rendered":"https:\/\/archivio.cercoiltuovolto.it\/?p=234529"},"modified":"2013-01-09T16:00:01","modified_gmt":"2013-01-09T16:00:01","slug":"udienza-generale-del-santo-padre-in-mp3-9-gennaio-2013","status":"publish","type":"post","link":"https:\/\/archivio.cercoiltuovolto.it\/?p=234529","title":{"rendered":"&#8220;Udienza Generale&#8221; del Santo Padre in mp3 &#8211; 9 gennaio 2013"},"content":{"rendered":"<blockquote>\n<p><b><i>Si \u00e8 fatto uomo.<\/i><\/b><\/p>\n<p><i>Cari fratelli e sorelle,<\/i><\/p>\n<p style=\"text-align: justify;\">in questo tempo natalizio ci soffermiamo ancora una volta sul grande mistero di Dio che \u00e8 sceso dal suo Cielo per entrare nella nostra carne. In Ges\u00f9, Dio si \u00e8 incarnato, \u00e8 diventato uomo come noi, e cos\u00ec ci ha aperto la strada verso il suo Cielo, verso la comunione piena con Lui.<\/p>\n<p style=\"text-align: justify;\">In questi giorni, nelle nostre chiese \u00e8 risuonato pi\u00f9 volte il termine \u201cIncarnazione\u201d di Dio, per esprimere la realt\u00e0 che celebriamo nel Santo Natale: il Figlio di Dio si \u00e8 fatto uomo, come recitiamo nel\u00a0<i>Credo<\/i>. Ma che cosa significa questa parola centrale per la fede cristiana? Incarnazione deriva dal latino \u201c<i>incarnatio<\/i>\u201d. Sant&#8217;Ignazio di Antiochia &#8211; fine del primo secolo &#8211; e, soprattutto, sant\u2019Ireneo hanno usato questo termine riflettendo sul Prologo del Vangelo di san Giovanni, in particolare sull\u2019espressione: \u201cIl Verbo si fece carne\u201d (<i>Gv<\/i>\u00a01,14). Qui la parola \u201ccarne\u201d, secondo l&#8217;uso ebraico, indica l\u2019uomo nella sua integralit\u00e0, tutto l&#8217;uomo, ma proprio sotto l\u2019aspetto della sua caducit\u00e0 e temporalit\u00e0, della sua povert\u00e0 e contingenza. Questo per dirci che la salvezza portata dal Dio fattosi carne in Ges\u00f9 di Nazaret tocca l\u2019uomo nella sua realt\u00e0 concreta e in qualunque situazione si trovi. Dio ha assunto la condizione umana per sanarla da tutto ci\u00f2 che la separa da Lui, per permetterci di chiamarlo, nel suo Figlio Unigenito, con il nome di \u201cAbb\u00e0, Padre\u201d ed essere veramente figli di Dio. Sant\u2019Ireneo afferma: \u00abQuesto \u00e8 il motivo per cui il Verbo si \u00e8 fatto uomo, e il Figlio di Dio, Figlio dell\u2019uomo: perch\u00e9 l\u2019uomo, entrando in comunione con il Verbo e ricevendo cos\u00ec la filiazione divina, diventasse figlio di Dio\u00bb (<i>Adversus haereses<\/i>, 3,19,1:\u00a0<i>PG<\/i>\u00a07,939; cfr\u00a0<i><a href=\"http:\/\/www.vatican.va\/archive\/ccc_it\/ccc-it_index_it.html\">Catechismo della Chiesa Cattolica<\/a><\/i>, 460)<\/p>\n<ul>\n<li><a href=\"http:\/\/www.vatican.va\/holy_father\/benedict_xvi\/audiences\/2013\/documents\/hf_ben-xvi_aud_20130109_it.html\">Leggi tutto il messaggio<\/a> <em>\u00a9 Copyright 2012 &#8211; Libreria Editrice Vaticana<\/em><\/li>\n<li><a href=\"http:\/\/player.rv.va\/vaticanplayer.asp?language=it&amp;tic=VA_E6IYSU7R\" target=\"_blank\">Link al video ufficiale<\/a><\/li>\n<\/ul>\n<\/blockquote>\n<div class=\"powerpressbox\">[powerpress]<\/div>\n<p class=\"link\" style=\"text-align: justify;\"><strong>Fonte<\/strong>: Radio Vaticana via FeedRss<\/p>\n<p><span style=\"font-size: xx-small;\"><em>(The content of this podcast is copyrighted by Vatican Radio which, according to its statute, is entrusted to manage and protect the sound recordings of the Roman Pontiff, ensuring that their pastoral character and intellectual property&#8217;s rights are protected when used by third parties. The content of this podcast is made available only for personal and private use and cannot be exploited for commercial purposes, without prior written authorization by Vatican Radio. For further information, please contact the International Relation Office at relint@vatiradio.va)<\/em><\/span><\/p>\n","protected":false},"excerpt":{"rendered":"<p>Si \u00e8 fatto uomo. Cari fratelli e sorelle, in questo tempo natalizio ci soffermiamo ancora una volta sul grande mistero di Dio che \u00e8 sceso dal suo Cielo per entrare nella nostra carne. In Ges\u00f9, Dio si \u00e8 incarnato, \u00e8 diventato uomo come noi, e cos\u00ec ci ha aperto la strada verso il suo Cielo,&#8230;<\/p>\n","protected":false},"author":3,"featured_media":0,"comment_status":"closed","ping_status":"closed","sticky":false,"template":"","format":"standard","meta":{"_kad_post_transparent":"","_kad_post_title":"","_kad_post_layout":"","_kad_post_sidebar_id":"","_kad_post_content_style":"","_kad_post_vertical_padding":"","_kad_post_feature":"","_kad_post_feature_position":"","_kad_post_header":false,"_kad_post_footer":false,"_kad_post_classname":"","footnotes":""},"categories":[103,127],"tags":[65,9],"class_list":["post-234529","post","type-post","status-publish","format-standard","hentry","category-103","category-benedetto-xvi","tag-udienza-generale","tag-vaticano"],"_links":{"self":[{"href":"https:\/\/archivio.cercoiltuovolto.it\/index.php?rest_route=\/wp\/v2\/posts\/234529","targetHints":{"allow":["GET"]}}],"collection":[{"href":"https:\/\/archivio.cercoiltuovolto.it\/index.php?rest_route=\/wp\/v2\/posts"}],"about":[{"href":"https:\/\/archivio.cercoiltuovolto.it\/index.php?rest_route=\/wp\/v2\/types\/post"}],"author":[{"embeddable":true,"href":"https:\/\/archivio.cercoiltuovolto.it\/index.php?rest_route=\/wp\/v2\/users\/3"}],"replies":[{"embeddable":true,"href":"https:\/\/archivio.cercoiltuovolto.it\/index.php?rest_route=%2Fwp%2Fv2%2Fcomments&post=234529"}],"version-history":[{"count":0,"href":"https:\/\/archivio.cercoiltuovolto.it\/index.php?rest_route=\/wp\/v2\/posts\/234529\/revisions"}],"wp:attachment":[{"href":"https:\/\/archivio.cercoiltuovolto.it\/index.php?rest_route=%2Fwp%2Fv2%2Fmedia&parent=234529"}],"wp:term":[{"taxonomy":"category","embeddable":true,"href":"https:\/\/archivio.cercoiltuovolto.it\/index.php?rest_route=%2Fwp%2Fv2%2Fcategories&post=234529"},{"taxonomy":"post_tag","embeddable":true,"href":"https:\/\/archivio.cercoiltuovolto.it\/index.php?rest_route=%2Fwp%2Fv2%2Ftags&post=234529"}],"curies":[{"name":"wp","href":"https:\/\/api.w.org\/{rel}","templated":true}]}}