{"id":234528,"date":"2013-01-10T06:10:32","date_gmt":"2013-01-10T06:10:32","guid":{"rendered":"https:\/\/archivio.cercoiltuovolto.it\/?p=234528"},"modified":"2013-01-10T06:10:32","modified_gmt":"2013-01-10T06:10:32","slug":"commento-al-vangelo-del-13-gennaio-2013-don-mauro-pozzi","status":"publish","type":"post","link":"https:\/\/archivio.cercoiltuovolto.it\/?p=234528","title":{"rendered":"Commento al Vangelo del 13 gennaio 2013 &#8211; don Mauro Pozzi"},"content":{"rendered":"<p style=\"text-align: justify\">Il commento al Vangelo della domenica a cura di don Mauro Pozzi parroco della Parrocchia S. Giovanni Battista, Novara.<\/p>\n<p style=\"text-align: center\">\n<div class=\"entry-content-asset videofit\"><iframe loading=\"lazy\" title=\"Battesimo di Gesu\u0300\" width=\"720\" height=\"405\" src=\"https:\/\/www.youtube.com\/embed\/Kc7nLc3MPGY?feature=oembed\" frameborder=\"0\" allow=\"accelerometer; autoplay; clipboard-write; encrypted-media; gyroscope; picture-in-picture; web-share\" referrerpolicy=\"strict-origin-when-cross-origin\" allowfullscreen><\/iframe><\/div>\n<\/p>\n<blockquote>\n<p style=\"text-align: justify\">IL BATTESIMO<\/p>\n<p style=\"text-align: justify\">Per gli ebrei la santit\u00e0 implica la separazione dai peccati e da chi li commette. Il popolo eletto, essendo santo, cio\u00e8 consacrato a Dio, deve essere separato dagli altri popoli, cosa che avviene ancora oggi. Per quella mentalit\u00e0 pensare che il Messia, il santo di Dio, si metta in fila con i peccatori per farsi battezzare, \u00e8 un fatto assolutamente inconcepibile. Per questo gli esegeti dicono che il battesimo di Ges\u00f9 \u00e8 un episodio certamente accaduto, perch\u00e9 a nessuno scrittore ebreo sarebbe mai venuto in mente di inventare qualcosa di tanto estraneo alla tradizione.<\/p>\n<p style=\"text-align: justify\">Invece l\u2019Emmanuele, il Dio-con-noi, non solo si fa uomo, ma condivide l\u2019esperienza degli uomini camminando vicino a loro, senza scandalizzarsi di mescolarsi ai peccatori. Egli comincia la sua vita pubblica dal Giordano, iniziando il Regno, come il suo omonimo Giosu\u00e8. Ges\u00f9 e Giosu\u00e8 derivano dallo stesso nome ebraico che \u00e8 tradotto differentemente per distinguere le due figure. Giosu\u00e8 \u00e8 colui che guida il popolo nella terra promessa al termine dell\u2019esodo durato quarant\u2019anni. L\u2019ingresso nella terra dei Padri avviene proprio dal Giordano, che si ferma davanti agli ebrei permettendo loro di attraversarlo all\u2019asciutto come il Mar Rosso. Anche l\u2019annuncio del nuovo Regno comincia dalle acque di quel fiume. Si tratta per\u00f2 di una patria spirituale che si svilupper\u00e0 pienamente solo nell\u2019ultimo giorno. Ges\u00f9 \u00e8 colui che ci guida verso quella meta. Il segno della sua regalit\u00e0 \u00e8 lo Spirito Santo che scende su di lui come una colomba. Questa figura ci ricorda un altro episodio: la fine del diluvio, quando No\u00e8 lascia uscire una colomba che torna con un ramo di ulivo nel becco. Quel rametto annuncia un mondo nuovo da abitare.<\/p>\n<p style=\"text-align: justify\">Allo stesso modo la colomba dello Spirito Santo ci porta Ges\u00f9 che \u00e8 annuncio del nuovo Regno messianico: un nuovo inizio per l\u2019umanit\u00e0. Questo ci riconduce al nostro battesimo, che ha segnato l\u2019origine della nostra vita cristiana facendo di noi i cittadini di quel Regno. Come gli ebrei di allora, anche noi nell\u2019acqua battesimale abbiamo incontrato Ges\u00f9 e il suo Spirito che ci invita a rinascere. L\u2019episodio del battesimo nel Giordano \u00e8 una delle tre grandi epifanie o manifestazioni di Ges\u00f9 insieme alla visita dei Magi e al primo miracolo a Cana. Qui per\u00f2 c\u2019\u00e8 molto di pi\u00f9 perch\u00e9 \u00e8 tutta la Trinit\u00e0 a rivelarsi. Il Figlio \u00e8 benedetto dalla presenza della colomba dello Spirito Santo e si fa sentire la voce del Padre. L\u2019inizio della missione del Cristo collega la terra con il Cielo e ci permette una conoscenza pi\u00f9 profonda del mistero di Dio nel quale il nostro battesimo ci ha immersi.<\/p>\n<\/blockquote>\n<p><a href=\"http:\/\/www.youtube.com\/watch?v=Kc7nLc3MPGY\"><\/p>\n<p class=\"link\">Link al video<\/p>\n<p><\/a><\/p>\n<p>Lc 3,15-16.21-22<\/p>\n<p style=\"text-align: justify\">In quel tempo, poich\u00e9 il popolo era in attesa e tutti, riguardo a Giovanni, si domandavano in cuor loro se non fosse lui il Cristo, Giovanni rispose a tutti dicendo: \u00abIo vi battezzo con acqua; ma viene colui che \u00e8 pi\u00f9 forte di me, a cui non sono degno di slegare i lacci dei sandali. Egli vi battezzer\u00e0 in Spirito Santo e fuoco\u00bb. Ed ecco, mentre tutto il popolo veniva battezzato e Ges\u00f9, ricevuto anche lui il battesimo, stava in preghiera, il cielo si apr\u00ec e discese sopra di lui lo Spirito Santo in forma corporea, come una colomba, e venne una voce dal cielo: \u00abTu sei il Figlio mio, l&#8217;amato: in te ho posto il mio compiacimento\u00bb.<\/p>\n","protected":false},"excerpt":{"rendered":"<p>Il commento al Vangelo della domenica a cura di don Mauro Pozzi parroco della Parrocchia S. Giovanni Battista, Novara.<\/p>\n","protected":false},"author":3,"featured_media":0,"comment_status":"closed","ping_status":"closed","sticky":false,"template":"","format":"standard","meta":{"_kad_post_transparent":"","_kad_post_title":"","_kad_post_layout":"","_kad_post_sidebar_id":"","_kad_post_content_style":"","_kad_post_vertical_padding":"","_kad_post_feature":"","_kad_post_feature_position":"","_kad_post_header":false,"_kad_post_footer":false,"_kad_post_classname":"","footnotes":""},"categories":[103,453],"tags":[5,388,172],"class_list":["post-234528","post","type-post","status-publish","format-standard","hentry","category-103","category-battesimo-del-signore","tag-commento-al-vangelo","tag-don-mauro-pozzi","tag-vangelo-della-domenica"],"_links":{"self":[{"href":"https:\/\/archivio.cercoiltuovolto.it\/index.php?rest_route=\/wp\/v2\/posts\/234528","targetHints":{"allow":["GET"]}}],"collection":[{"href":"https:\/\/archivio.cercoiltuovolto.it\/index.php?rest_route=\/wp\/v2\/posts"}],"about":[{"href":"https:\/\/archivio.cercoiltuovolto.it\/index.php?rest_route=\/wp\/v2\/types\/post"}],"author":[{"embeddable":true,"href":"https:\/\/archivio.cercoiltuovolto.it\/index.php?rest_route=\/wp\/v2\/users\/3"}],"replies":[{"embeddable":true,"href":"https:\/\/archivio.cercoiltuovolto.it\/index.php?rest_route=%2Fwp%2Fv2%2Fcomments&post=234528"}],"version-history":[{"count":0,"href":"https:\/\/archivio.cercoiltuovolto.it\/index.php?rest_route=\/wp\/v2\/posts\/234528\/revisions"}],"wp:attachment":[{"href":"https:\/\/archivio.cercoiltuovolto.it\/index.php?rest_route=%2Fwp%2Fv2%2Fmedia&parent=234528"}],"wp:term":[{"taxonomy":"category","embeddable":true,"href":"https:\/\/archivio.cercoiltuovolto.it\/index.php?rest_route=%2Fwp%2Fv2%2Fcategories&post=234528"},{"taxonomy":"post_tag","embeddable":true,"href":"https:\/\/archivio.cercoiltuovolto.it\/index.php?rest_route=%2Fwp%2Fv2%2Ftags&post=234528"}],"curies":[{"name":"wp","href":"https:\/\/api.w.org\/{rel}","templated":true}]}}