{"id":234507,"date":"2013-01-03T06:15:10","date_gmt":"2013-01-03T06:15:10","guid":{"rendered":"https:\/\/archivio.cercoiltuovolto.it\/?p=234507"},"modified":"2013-01-03T06:15:10","modified_gmt":"2013-01-03T06:15:10","slug":"commento-al-vangelo-di-domenica-6-gennaio-2013-don-giorgio-zevini","status":"publish","type":"post","link":"https:\/\/archivio.cercoiltuovolto.it\/?p=234507","title":{"rendered":"Commento al Vangelo di domenica 6 gennaio 2013 &#8211; don Giorgio Zevini"},"content":{"rendered":"<p style=\"text-align: center\"><a href=\"http:\/\/www.cercoiltuovolto.it\/\/wp-content\/uploads\/2010\/11\/zevini.png\"><img loading=\"lazy\" decoding=\"async\" class=\"aligncenter\" style=\"border: 0pt none\" title=\"don Giorgio Zevini\" alt=\"\" src=\"http:\/\/www.cercoiltuovolto.it\/\/wp-content\/uploads\/2010\/11\/zevini.png\" width=\"475\" height=\"150\" \/><\/a><\/p>\n<blockquote>\n<p>Prima Lettura-Is 60,1-6<br \/>Salmo-71 (72)<br \/>Seconda Lettura-Ef 3,2-3a.5-6<\/p>\n<p><strong>Vangelo-Mt 2,1-12<\/strong><br \/>Siamo venuti dall\u2019oriente per adorare il re.<br \/>Dal Vangelo secondo Matteo<\/p>\n<p style=\"text-align: justify\">Nato Ges\u00f9 a Betlemme di Giudea, al tempo del re Erode, ecco, alcuni Magi vennero da oriente a Gerusalemme e dicevano: \u00abDov\u2019\u00e8 colui che \u00e8 nato, il re dei Giudei? Abbiamo visto spuntare la sua stella e siamo venuti ad adorarlo\u00bb. All\u2019udire questo, il re Erode rest\u00f2 turbato e con lui tutta Gerusalemme. Riuniti tutti i capi dei sacerdoti e gli scribi del popolo, si informava da loro sul luogo in cui doveva nascere il Cristo. Gli risposero: \u00abA Betlemme di Giudea, perch\u00e9 cos\u00ec \u00e8 scritto per mezzo del profeta: \u201cE tu, Betlemme, terra di Giuda, non sei davvero l\u2019ultima delle citt\u00e0 principali di Giuda: da te infatti uscir\u00e0 un capo che sar\u00e0 il pastore del mio popolo, Israele\u201d\u00bb.<\/p>\n<p style=\"text-align: justify\">Allora Erode, chiamati segretamente i Magi, si fece dire da loro con esattezza il tempo in cui era apparsa la stella e li invi\u00f2 a Betlemme dicendo: \u00abAndate e informatevi accuratamente sul bambino e, quando l\u2019avrete trovato, fatemelo sapere, perch\u00e9 anch\u2019io venga ad adorarlo\u00bb.<\/p>\n<p style=\"text-align: justify\">Udito il re, essi partirono. Ed ecco, la stella, che avevano visto spuntare, li precedeva, finch\u00e9 giunse e si ferm\u00f2 sopra il luogo dove si trovava il bambino. Al vedere la stella, provarono una gioia grandissima. Entrati nella casa, videro il bambino con Maria sua madre, si prostrarono e lo adorarono. Poi aprirono i loro scrigni e gli offrirono in dono oro, incenso e mirra. Avvertiti in sogno di non tornare da Erode, per un\u2019altra strada fecero ritorno al loro paese.<\/p>\n<\/blockquote>\n<p style=\"text-align: center\"><!--[if !IE]&gt;--><img loading=\"lazy\" decoding=\"async\" src=\"http:\/\/www.cercoiltuovolto.it\/wp-includes\/js\/tinymce\/themes\/advanced\/img\/trans.gif\" class=\"mceItemMedia mceItemFlash\" width=\"500\" height=\"280\"><\/img>&lt;!&#8211;<\/p>\n<p class=\"link\">Fonte: <a href=\"http:\/\/www.cantonuovo.eu\/?p=41101\">Canto Nuovo<\/a><\/p>\n","protected":false},"excerpt":{"rendered":"<p>Prima Lettura-Is 60,1-6Salmo-71 (72)Seconda Lettura-Ef 3,2-3a.5-6 Vangelo-Mt 2,1-12Siamo venuti dall\u2019oriente per adorare il re.Dal Vangelo secondo Matteo Nato Ges\u00f9 a Betlemme di Giudea, al tempo del re Erode, ecco, alcuni Magi vennero da oriente a Gerusalemme e dicevano: \u00abDov\u2019\u00e8 colui che \u00e8 nato, il re dei Giudei? Abbiamo visto spuntare la sua stella e siamo&#8230;<\/p>\n","protected":false},"author":3,"featured_media":0,"comment_status":"closed","ping_status":"closed","sticky":false,"template":"","format":"standard","meta":{"_kad_post_transparent":"","_kad_post_title":"","_kad_post_layout":"","_kad_post_sidebar_id":"","_kad_post_content_style":"","_kad_post_vertical_padding":"","_kad_post_feature":"","_kad_post_feature_position":"","_kad_post_header":false,"_kad_post_footer":false,"_kad_post_classname":"","footnotes":""},"categories":[103,147],"tags":[150,172],"class_list":["post-234507","post","type-post","status-publish","format-standard","hentry","category-103","category-commento-al-vangelo","tag-epifania","tag-vangelo-della-domenica"],"_links":{"self":[{"href":"https:\/\/archivio.cercoiltuovolto.it\/index.php?rest_route=\/wp\/v2\/posts\/234507","targetHints":{"allow":["GET"]}}],"collection":[{"href":"https:\/\/archivio.cercoiltuovolto.it\/index.php?rest_route=\/wp\/v2\/posts"}],"about":[{"href":"https:\/\/archivio.cercoiltuovolto.it\/index.php?rest_route=\/wp\/v2\/types\/post"}],"author":[{"embeddable":true,"href":"https:\/\/archivio.cercoiltuovolto.it\/index.php?rest_route=\/wp\/v2\/users\/3"}],"replies":[{"embeddable":true,"href":"https:\/\/archivio.cercoiltuovolto.it\/index.php?rest_route=%2Fwp%2Fv2%2Fcomments&post=234507"}],"version-history":[{"count":0,"href":"https:\/\/archivio.cercoiltuovolto.it\/index.php?rest_route=\/wp\/v2\/posts\/234507\/revisions"}],"wp:attachment":[{"href":"https:\/\/archivio.cercoiltuovolto.it\/index.php?rest_route=%2Fwp%2Fv2%2Fmedia&parent=234507"}],"wp:term":[{"taxonomy":"category","embeddable":true,"href":"https:\/\/archivio.cercoiltuovolto.it\/index.php?rest_route=%2Fwp%2Fv2%2Fcategories&post=234507"},{"taxonomy":"post_tag","embeddable":true,"href":"https:\/\/archivio.cercoiltuovolto.it\/index.php?rest_route=%2Fwp%2Fv2%2Ftags&post=234507"}],"curies":[{"name":"wp","href":"https:\/\/api.w.org\/{rel}","templated":true}]}}