{"id":234501,"date":"2013-01-01T20:23:37","date_gmt":"2013-01-01T20:23:37","guid":{"rendered":"https:\/\/archivio.cercoiltuovolto.it\/?p=234501"},"modified":"2013-01-01T20:23:37","modified_gmt":"2013-01-01T20:23:37","slug":"20-anni-del-catechismo-le-tappe-della-rivelazione-di-dio-alluomo","status":"publish","type":"post","link":"https:\/\/archivio.cercoiltuovolto.it\/?p=234501","title":{"rendered":"20 anni del Catechismo: le tappe della Rivelazione di Dio all&#8217;uomo"},"content":{"rendered":"<style type=\"text\/css\"><!--\n.book {\n\t-moz-box-shadow:inset 0px 1px 0px 0px #fff6af;\n\t-webkit-box-shadow:inset 0px 1px 0px 0px #fff6af;\n\tbox-shadow:inset 0px 1px 0px 0px #fff6af;\n\tbackground:-webkit-gradient( linear, left top, left bottom, color-stop(0.05, #ffec64), color-stop(1, #ffab23) );\n\tbackground:-moz-linear-gradient( center top, #ffec64 5%, #ffab23 100% );\n\tfilter:progid:DXImageTransform.Microsoft.gradient(startColorstr='#ffec64', endColorstr='#ffab23');\n\tbackground-color:#ffec64;\n\t-moz-border-radius:6px;\n\t-webkit-border-radius:6px;\n\tborder-radius:6px;\n\tborder:1px solid #ffaa22;\n\tdisplay:inline-block;\n\tcolor:#333333;\n\tfont-family:Trebuchet MS;\n\tfont-size:15px;\n\tfont-weight:bold;\n\tpadding:6px 24px;\n\ttext-decoration:none;\n\ttext-shadow:1px 1px 0px #ffee66;\n}.book:hover {\n\tbackground:-webkit-gradient( linear, left top, left bottom, color-stop(0.05, #ffab23), color-stop(1, #ffec64) );\n\tbackground:-moz-linear-gradient( center top, #ffab23 5%, #ffec64 100% );\n\tfilter:progid:DXImageTransform.Microsoft.gradient(startColorstr='#ffab23', endColorstr='#ffec64');\n\tbackground-color:#ffab23;\n}.book:active {\n\tposition:relative;\n\ttop:1px;\n}\n--><\/style>\n<p style=\"text-align: justify;\">L\u2019uomo capirebbe meglio se stesso se ricordasse che Dio all\u2019inizio dei tempi lo ha invitato a stringere un\u2019intima alleanza on Lui. Lo sostiene\u00a0<b>padre Dariusz Kowalczyk<\/b>\u00a0nella quinta puntata della sua rubrica dedicata ai 20 anni della pubblicazione del Catechismo, e in particolare all\u2019esame delle pagine nelle quali si parla delle tappe della Rivelazione divina.<\/p>\n<p>Per conoscere Dio abbiamo bisogno che Dio stesso ci si riveli. E, infatti, Dio si \u00e8 manifestato all\u2019uomo. Il Catechismo, al numero 54, ci parla delle tappe della Rivelazione. Al principio Dio manifest\u00f2 se stesso ai nostri progenitori invitando loro all\u2019intima comunione (n. 54). E quell\u2019invito non ci venne mai revocato. Nemmeno in seguito a quella catastrofe antropologica che chiamiamo peccato originale. Anche dopo la caduta dei nostri progenitori, Dio molte volte ancora ha offerto agli uomini la Sua alleanza.<br \/>La storia di No\u00e9 \u00e8 il primo testo biblico dove Dio costituisce un\u2019alleanza con l\u2019uomo. L\u2019arcobaleno \u00e8 il segno di quell\u2019alleanza. \u00abDisse Dio a No\u00e8: \u201cQuesto \u00e8 il segno dell\u2019alleanza che io ho stabilito tra me e ogni carne che \u00e8 sulla terra\u201d (Gn 9,17). Il Catechismo sottolinea che \u201cL\u2019Alleanza con No\u00e8 resta in vigore per tutto il tempo delle nazioni, fino alla proclamazione universale del Vangelo\u201d (n. 59). Tale affermazione ci fa pensare a una frase misteriosa del Vangelo di Luca: \u201cGerusalemme sar\u00e0 calpestata dai pagani finch\u00e9 i tempi dei pagani siano compiuti\u201d (Lc 21,24).<br \/>L\u2019altra alleanza \u00e8 quella con Abramo. \u201cIn te saranno benedette tutte le nazioni della terra\u201d (Gn 12,3), disse Dio ad Abramo. Il popolo che da lui discende, infatti, sar\u00e0 depositario delle promesse fatte ai patriarchi, e diventer\u00e0 il popolo eletto. Con quel popolo Dio costituisce l\u2019Alleanza di Sinai, dandogli, tramite Mos\u00e8, il Decalogo: dieci parole di vita.\u00a0<br \/>Le alleanze raggiungono la loro pienezza nella persona di Ges\u00f9 Cristo che \u201c\u00e8 la Parola unica, perfetta e definitiva\u201d (CCC, 65) di Dio Padre.\u00a0<br \/>Dobbiamo dunque ricordarci che facciamo parte delle alleanze costituite da Dio con gli uomini. Cos\u00ec potremo pi\u00f9 facilmente ritrovare il senso della nostra vita: nella storia di No\u00e8, di Abramo, e soprattutto di Ges\u00f9, il Rivelatore e la Rivelazione fatta persona.<\/p>\n<p style=\"text-align: center;\"><a class=\"book\" href=\"http:\/\/www.libreriadelsanto.it\/cerca-catechismo%20della%20chiesa%20cattolica-0-1\/all-0-1?p=sot\">Ti manca il Catechismo della Chiesa Cattolica? Clicca qui!<\/a><\/p>\n<div class=\"powerpressbox\">[powerpress]<\/div>\n<p class=\"link\">Fonte: <a href=\"http:\/\/it.radiovaticana.va\/news\/2012\/11\/27\/20_anni_del_catechismo:_le_tappe_della_rivelazione_di_dio_all'uomo\/it1-642364\" target=\"_blank\">Radio Vaticana<\/a><\/p>\n","protected":false},"excerpt":{"rendered":"<p>L\u2019uomo capirebbe meglio se stesso se ricordasse che Dio all\u2019inizio dei tempi lo ha invitato a stringere un\u2019intima alleanza on Lui. Lo sostiene padre Dariusz Kowalczyk nella quinta puntata della sua rubrica dedicata ai 20 anni della pubblicazione del Catechismo, e in particolare all\u2019esame delle pagine nelle quali si parla delle tappe della Rivelazione divina.<\/p>\n","protected":false},"author":3,"featured_media":0,"comment_status":"closed","ping_status":"closed","sticky":false,"template":"","format":"standard","meta":{"_kad_post_transparent":"","_kad_post_title":"","_kad_post_layout":"","_kad_post_sidebar_id":"","_kad_post_content_style":"","_kad_post_vertical_padding":"","_kad_post_feature":"","_kad_post_feature_position":"","_kad_post_header":false,"_kad_post_footer":false,"_kad_post_classname":"","footnotes":""},"categories":[103,4],"tags":[304,31,27],"class_list":["post-234501","post","type-post","status-publish","format-standard","hentry","category-103","category-audio-cattolici","tag-catechismo","tag-radio-nel-web","tag-radio-vaticana"],"_links":{"self":[{"href":"https:\/\/archivio.cercoiltuovolto.it\/index.php?rest_route=\/wp\/v2\/posts\/234501","targetHints":{"allow":["GET"]}}],"collection":[{"href":"https:\/\/archivio.cercoiltuovolto.it\/index.php?rest_route=\/wp\/v2\/posts"}],"about":[{"href":"https:\/\/archivio.cercoiltuovolto.it\/index.php?rest_route=\/wp\/v2\/types\/post"}],"author":[{"embeddable":true,"href":"https:\/\/archivio.cercoiltuovolto.it\/index.php?rest_route=\/wp\/v2\/users\/3"}],"replies":[{"embeddable":true,"href":"https:\/\/archivio.cercoiltuovolto.it\/index.php?rest_route=%2Fwp%2Fv2%2Fcomments&post=234501"}],"version-history":[{"count":0,"href":"https:\/\/archivio.cercoiltuovolto.it\/index.php?rest_route=\/wp\/v2\/posts\/234501\/revisions"}],"wp:attachment":[{"href":"https:\/\/archivio.cercoiltuovolto.it\/index.php?rest_route=%2Fwp%2Fv2%2Fmedia&parent=234501"}],"wp:term":[{"taxonomy":"category","embeddable":true,"href":"https:\/\/archivio.cercoiltuovolto.it\/index.php?rest_route=%2Fwp%2Fv2%2Fcategories&post=234501"},{"taxonomy":"post_tag","embeddable":true,"href":"https:\/\/archivio.cercoiltuovolto.it\/index.php?rest_route=%2Fwp%2Fv2%2Ftags&post=234501"}],"curies":[{"name":"wp","href":"https:\/\/api.w.org\/{rel}","templated":true}]}}