{"id":234497,"date":"2013-01-01T18:23:49","date_gmt":"2013-01-01T18:23:49","guid":{"rendered":"https:\/\/archivio.cercoiltuovolto.it\/?p=234497"},"modified":"2013-01-01T18:23:49","modified_gmt":"2013-01-01T18:23:49","slug":"benedetto-xvi-omelia-del-1-gennaio-2013-in-mp3","status":"publish","type":"post","link":"https:\/\/archivio.cercoiltuovolto.it\/?p=234497","title":{"rendered":"Benedetto XVI &#8211; Omelia del 1 gennaio 2013 in mp3"},"content":{"rendered":"<blockquote>\n<p style=\"text-align: justify;\" align=\"left\"><em>Cari fratelli e sorelle!<\/em><\/p>\n<p style=\"text-align: justify;\" align=\"left\"><em>\u00abDio ci benedica, su di noi faccia splendere il suo volto\u00bb<\/em>. Cos\u00ec abbiamo acclamato, con le parole del Salmo 66, dopo aver ascoltato nella prima Lettura l\u2019antica benedizione sacerdotale sul popolo dell\u2019alleanza. E\u2019 particolarmente significativo che all\u2019inizio di ogni nuovo anno Dio proietti su di noi, suo popolo, la luminosit\u00e0 del suo santo Nome, il Nome che viene pronunciato tre volte nella solenne formula della benedizione biblica. E non meno significativo \u00e8 che al Verbo di Dio \u2013 che \u00absi fece carne e venne ad abitare in mezzo a noi\u00bb come la \u00abluce vera, quella che illumina ogni uomo\u00bb (<em>Gv<\/em>\u00a01,9.14) \u2013 venga dato, otto giorni dopo il suo natale \u2013 come ci narra il Vangelo di oggi \u2013 il nome di Ges\u00f9 (cfr\u00a0<em>Lc<\/em>\u00a02,21).<\/p>\n<p style=\"text-align: justify;\" align=\"left\">E\u2019 in questo nome che siamo qui riuniti. Saluto di cuore tutti i presenti, ad iniziare dagli illustri Ambasciatori del Corpo Diplomatico accreditato presso la Santa Sede. Saluto con affetto il Cardinale Bertone, mio\u00a0<a href=\"http:\/\/www.vatican.va\/roman_curia\/secretariat_state\/card-bertone\/index-bertone_it.html\">Segretario di Stato<\/a>, e il Cardinale Turkson, con tutti i componenti del<a href=\"http:\/\/www.vatican.va\/roman_curia\/pontifical_councils\/justpeace\/index_it.htm\">Pontificio Consiglio della Giustizia e della Pace<\/a>; ad essi sono particolarmente grato per il loro impegno nel diffondere il\u00a0<a href=\"http:\/\/www.vatican.va\/holy_father\/benedict_xvi\/messages\/peace\/documents\/hf_ben-xvi_mes_20121208_xlvi-world-day-peace_it.html\">Messaggio per la Giornata Mondiale della Pace, che quest\u2019anno ha come tema \u00abBeati gli operatori di pace\u00bb<\/a>.<\/p>\n<p style=\"text-align: justify;\" align=\"left\">Nonostante il mondo sia purtroppo ancora segnato da \u00abfocolai di tensione e di contrapposizione causati da crescenti diseguaglianze fra ricchi e poveri, dal prevalere di una mentalit\u00e0 egoistica e individualistica espressa anche da un capitalismo finanziario sregolato\u00bb, oltre che da diverse forme di terrorismo e di criminalit\u00e0, sono persuaso che \u00able molteplici opere di pace, di cui \u00e8 ricco il mondo, testimoniano l\u2019innata vocazione dell\u2019umanit\u00e0 alla pace. In ogni persona il desiderio di pace \u00e8 aspirazione essenziale e coincide, in certa maniera, con il desiderio di una vita umana piena, felice e ben realizzata. L\u2019uomo \u00e8 fatto per la pace che \u00e8 dono di Dio. Tutto ci\u00f2 mi ha suggerito di ispirarmi per questo Messaggio alla parole di Ges\u00f9 Cristo: Beati gli operatori di pace, perch\u00e9 saranno chiamati figli di Dio (<em>Mt<\/em>\u00a05,9)\u00bb (<a href=\"http:\/\/www.vatican.va\/holy_father\/benedict_xvi\/messages\/peace\/documents\/hf_ben-xvi_mes_20121208_xlvi-world-day-peace_it.html\"><em>Messaggio<\/em><\/a>, 1). Questa beatitudine \u00abdice che la pace \u00e8 dono messianico e opera umana ad un tempo \u2026E\u2019 pace con Dio, nel vivere secondo la sua volont\u00e0. E\u2019 pace interiore con se stessi, e pace esteriore con il prossimo e con tutto il creato\u00bb (<em>ibid.<\/em>, 2 e 3). S\u00ec, la pace \u00e8 il bene per eccellenza da invocare come dono di Dio e, al tempo stesso, da costruire con ogni sforzo.<\/p>\n<p style=\"text-align: justify;\" align=\"left\">[&#8230;]<\/p>\n<ul>\n<li><a href=\"http:\/\/www.vatican.va\/holy_father\/benedict_xvi\/homilies\/2013\/documents\/hf_ben-xvi_hom_20130101_world-day-peace_it.html\">Leggi tutta l&#8217;omelia<\/a> <em>\u00a9 Copyright 2012 &#8211; Libreria Editrice Vaticana<\/em><\/li>\n<li><a href=\"http:\/\/player.rv.va\/vaticanplayer.asp?language=it&amp;tic=VA_B2RW18ID\" target=\"_blank\"><em>Link al Video<\/em><\/a><\/li>\n<\/ul>\n<\/blockquote>\n<p><img loading=\"lazy\" decoding=\"async\" class=\"alignnone size-full wp-image-25340\" style=\"margin-bottom: -35px;\" title=\"ascolta-il-podcast\" alt=\"\" src=\"http:\/\/www.cercoiltuovolto.it\/wp-content\/uploads\/2012\/09\/ascolta-il-podcast.png\" width=\"277\" height=\"77\" \/><\/p>\n<div class=\"powerpressbox\">[powerpress]<\/div>\n<p style=\"text-align: justify;\"><strong>Fonte<\/strong>: Radio Vaticana via FeedRss<\/p>\n<p style=\"text-align: justify;\"><span style=\"font-size: xx-small;\"><em>(The content of this podcast is copyrighted by Vatican Radio which, according to its statute, is entrusted to manage and protect the sound recordings of the Roman Pontiff, ensuring that their pastoral character and intellectual property&#8217;s rights are protected when used by third parties. The content of this podcast is made available only for personal and private use and cannot be exploited for commercial purposes, without prior written authorization by Vatican Radio. For further information, please contact the International Relation Office at relint@vatiradio.va)<\/em><\/span><\/p>\n","protected":false},"excerpt":{"rendered":"<p>Cari fratelli e sorelle! \u00abDio ci benedica, su di noi faccia splendere il suo volto\u00bb. Cos\u00ec abbiamo acclamato, con le parole del Salmo 66, dopo aver ascoltato nella prima Lettura l\u2019antica benedizione sacerdotale sul popolo dell\u2019alleanza. E\u2019 particolarmente significativo che all\u2019inizio di ogni nuovo anno Dio proietti su di noi, suo popolo, la luminosit\u00e0 del&#8230;<\/p>\n","protected":false},"author":3,"featured_media":0,"comment_status":"closed","ping_status":"closed","sticky":false,"template":"","format":"standard","meta":{"_kad_post_transparent":"","_kad_post_title":"","_kad_post_layout":"","_kad_post_sidebar_id":"","_kad_post_content_style":"","_kad_post_vertical_padding":"","_kad_post_feature":"","_kad_post_feature_position":"","_kad_post_header":false,"_kad_post_footer":false,"_kad_post_classname":"","footnotes":""},"categories":[103,127],"tags":[29,9],"class_list":["post-234497","post","type-post","status-publish","format-standard","hentry","category-103","category-benedetto-xvi","tag-omelie","tag-vaticano"],"_links":{"self":[{"href":"https:\/\/archivio.cercoiltuovolto.it\/index.php?rest_route=\/wp\/v2\/posts\/234497","targetHints":{"allow":["GET"]}}],"collection":[{"href":"https:\/\/archivio.cercoiltuovolto.it\/index.php?rest_route=\/wp\/v2\/posts"}],"about":[{"href":"https:\/\/archivio.cercoiltuovolto.it\/index.php?rest_route=\/wp\/v2\/types\/post"}],"author":[{"embeddable":true,"href":"https:\/\/archivio.cercoiltuovolto.it\/index.php?rest_route=\/wp\/v2\/users\/3"}],"replies":[{"embeddable":true,"href":"https:\/\/archivio.cercoiltuovolto.it\/index.php?rest_route=%2Fwp%2Fv2%2Fcomments&post=234497"}],"version-history":[{"count":0,"href":"https:\/\/archivio.cercoiltuovolto.it\/index.php?rest_route=\/wp\/v2\/posts\/234497\/revisions"}],"wp:attachment":[{"href":"https:\/\/archivio.cercoiltuovolto.it\/index.php?rest_route=%2Fwp%2Fv2%2Fmedia&parent=234497"}],"wp:term":[{"taxonomy":"category","embeddable":true,"href":"https:\/\/archivio.cercoiltuovolto.it\/index.php?rest_route=%2Fwp%2Fv2%2Fcategories&post=234497"},{"taxonomy":"post_tag","embeddable":true,"href":"https:\/\/archivio.cercoiltuovolto.it\/index.php?rest_route=%2Fwp%2Fv2%2Ftags&post=234497"}],"curies":[{"name":"wp","href":"https:\/\/api.w.org\/{rel}","templated":true}]}}