{"id":234493,"date":"2012-12-31T13:37:50","date_gmt":"2012-12-31T13:37:50","guid":{"rendered":"https:\/\/archivio.cercoiltuovolto.it\/?p=234493"},"modified":"2012-12-31T13:37:50","modified_gmt":"2012-12-31T13:37:50","slug":"benedetto-xvi-angelus-del-30-dicembre-2012-in-mp3","status":"publish","type":"post","link":"https:\/\/archivio.cercoiltuovolto.it\/?p=234493","title":{"rendered":"Benedetto XVI &#8211; Angelus del 30 dicembre 2012 in mp3"},"content":{"rendered":"<blockquote>\n<p><em>Cari fratelli e sorelle!<\/em><\/p>\n<p style=\"text-align: justify;\">Oggi \u00e8 la festa della Santa Famiglia di Nazaret. Nella liturgia il brano del Vangelo di Luca ci presenta la Vergine Maria e san Giuseppe che, fedeli alla tradizione, salgono a Gerusalemme per la Pasqua insieme con Ges\u00f9 dodicenne. La prima volta in cui Ges\u00f9 era entrato nel Tempio del Signore era stata quaranta giorni dopo la sua nascita, quando i suoi genitori avevano offerto per lui \u00abuna coppia di tortore o di giovani colombi\u00bb (<em>Lc<\/em>\u00a02,24), cio\u00e8 il sacrificio dei poveri. \u00abLuca, il cui intero Vangelo \u00e8 pervaso da una teologia dei poveri e della povert\u00e0, fa capire \u2026 che la famiglia di Ges\u00f9 era annoverata tra i\u00a0<em>poveri di Israele<\/em>; ci fa capire che proprio tra loro poteva maturare l\u2019adempimento della promessa\u00bb (<em>L\u2019infanzia di Ges\u00f9<\/em>, 96). Ges\u00f9 oggi \u00e8 di nuovo nel Tempio, ma questa volta ha un ruolo differente, che lo coinvolge in prima persona. Egli compie, con Maria e Giuseppe, il pellegrinaggio a Gerusalemme secondo quanto prescrive la Legge (cfr Es 23,17; 34,23ss), anche se non aveva ancora compiuto il tredicesimo anno di et\u00e0: un segno della profonda religiosit\u00e0 della Santa Famiglia. Quando, per\u00f2, i suoi genitori ripartono per Nazaret, avviene qualcosa di inaspettato: Egli, senza dire nulla, rimane nella Citt\u00e0. Per tre giorni Maria e Giuseppe lo cercano e lo ritrovano nel Tempio, a colloquio con i maestri della Legge (cfr\u00a0<em>Lc<\/em>\u00a02,46-47); e quando gli chiedono spiegazioni, Ges\u00f9 risponde che non devono meravigliarsi, perch\u00e9 quello \u00e8 il suo posto, quella \u00e8 la sua casa, presso il Padre, che \u00e8 Dio (cfr\u00a0<em>L\u2019infanzia di Ges\u00f9<\/em>, 143). \u00abEgli \u2013 scrive Origene \u2013 professa di essere nel tempio di suo Padre, quel Padre che ha rivelato a noi e del quale ha detto di essere Figlio\u00bb (<em>Omelie sul Vangelo di Luca<\/em>, 18, 5).<\/p>\n<p style=\"text-align: justify;\">La preoccupazione di Maria e Giuseppe per Ges\u00f9 \u00e8 la stessa di ogni genitore che educa un figlio, lo introduce alla vita e alla comprensione della realt\u00e0. Oggi pertanto \u00e8 doverosa una speciale preghiera al Signore per tutte le famiglie del mondo. Imitando la santa Famiglia di Nazaret, i genitori si preoccupino seriamente della crescita e dell\u2019educazione dei propri figli, perch\u00e9 maturino come uomini responsabili e onesti cittadini, senza dimenticare mai che la fede \u00e8 un dono prezioso da alimentare nei propri figli anche con l\u2019esempio personale. Nello stesso tempo preghiamo perch\u00e9 ogni bambino venga accolto come dono di Dio, sia sostenuto dall\u2019amore del padre e della madre, per poter crescere come il Signore Ges\u00f9 \u00abin sapienza, et\u00e0 e grazia davanti a Dio e agli uomini\u00bb (<em>Lc<\/em>2,52). L\u2019amore, la fedelt\u00e0 e la dedizione di Maria e Giuseppe siano di esempio per tutti gli sposi cristiani, che non sono gli amici o i padroni della vita dei loro figli, ma i custodi di questo dono incomparabile di Dio.<\/p>\n<p style=\"text-align: justify;\">Il silenzio di Giuseppe, uomo giusto (cfr\u00a0<em>Mt<\/em>\u00a01,19), e l\u2019esempio di Maria, che custodiva ogni cosa nel suo cuore (cfr\u00a0<em>Lc<\/em>\u00a02,51), ci facciano entrare nel mistero pieno di fede e di umanit\u00e0 della Santa Famiglia. Auguro a tutte le famiglie cristiane di vivere alla presenza di Dio con lo stesso amore e con la stessa gioia della famiglia di Ges\u00f9, Maria e Giuseppe.<\/p>\n<\/blockquote>\n<ul>\n<li><a href=\"http:\/\/www.vatican.va\/holy_father\/benedict_xvi\/angelus\/2012\/documents\/hf_ben-xvi_ang_20121230_it.html\">Leggi tutto<\/a> <em>\u00a9 Copyright 2012 &#8211; Libreria Editrice Vaticana<\/em><\/li>\n<li><a href=\"http:\/\/player.rv.va\/vaticanplayer.asp?language=it&amp;tic=VA_BAQGTWYG\" target=\"_blank\"><em>Link al Video<\/em><\/a><\/li>\n<\/ul>\n<p><img loading=\"lazy\" decoding=\"async\" class=\"alignnone size-full wp-image-25340\" style=\"margin-bottom: -35px;\" title=\"ascolta-il-podcast\" alt=\"\" src=\"http:\/\/www.cercoiltuovolto.it\/wp-content\/uploads\/2012\/09\/ascolta-il-podcast.png\" width=\"277\" height=\"77\" \/><\/p>\n<div class=\"powerpressbox\">[powerpress]<\/div>\n<p style=\"text-align: justify;\"><strong>Fonte<\/strong>: Radio Vaticana via FeedRss<\/p>\n<p style=\"text-align: justify;\"><em>(The content of this podcast is copyrighted by Vatican Radio which, according to its statute, is entrusted to manage and protect the sound recordings of the Roman Pontiff, ensuring that their pastoral character and intellectual property&#8217;s rights are protected when used by third parties. The content of this podcast is made available only for personal and private use and cannot be exploited for commercial purposes, without prior written authorization by Vatican Radio. For further information, please contact the International Relation Office at relint@vatiradio.va)<\/em><\/p>\n","protected":false},"excerpt":{"rendered":"<p>Cari fratelli e sorelle! Oggi \u00e8 la festa della Santa Famiglia di Nazaret. Nella liturgia il brano del Vangelo di Luca ci presenta la Vergine Maria e san Giuseppe che, fedeli alla tradizione, salgono a Gerusalemme per la Pasqua insieme con Ges\u00f9 dodicenne. La prima volta in cui Ges\u00f9 era entrato nel Tempio del Signore&#8230;<\/p>\n","protected":false},"author":3,"featured_media":0,"comment_status":"closed","ping_status":"closed","sticky":false,"template":"","format":"standard","meta":{"_kad_post_transparent":"","_kad_post_title":"","_kad_post_layout":"","_kad_post_sidebar_id":"","_kad_post_content_style":"","_kad_post_vertical_padding":"","_kad_post_feature":"","_kad_post_feature_position":"","_kad_post_header":false,"_kad_post_footer":false,"_kad_post_classname":"","footnotes":""},"categories":[102,114],"tags":[73,9],"class_list":["post-234493","post","type-post","status-publish","format-standard","hentry","category-102","category-angelus","tag-benedetto-xvi","tag-vaticano"],"_links":{"self":[{"href":"https:\/\/archivio.cercoiltuovolto.it\/index.php?rest_route=\/wp\/v2\/posts\/234493","targetHints":{"allow":["GET"]}}],"collection":[{"href":"https:\/\/archivio.cercoiltuovolto.it\/index.php?rest_route=\/wp\/v2\/posts"}],"about":[{"href":"https:\/\/archivio.cercoiltuovolto.it\/index.php?rest_route=\/wp\/v2\/types\/post"}],"author":[{"embeddable":true,"href":"https:\/\/archivio.cercoiltuovolto.it\/index.php?rest_route=\/wp\/v2\/users\/3"}],"replies":[{"embeddable":true,"href":"https:\/\/archivio.cercoiltuovolto.it\/index.php?rest_route=%2Fwp%2Fv2%2Fcomments&post=234493"}],"version-history":[{"count":0,"href":"https:\/\/archivio.cercoiltuovolto.it\/index.php?rest_route=\/wp\/v2\/posts\/234493\/revisions"}],"wp:attachment":[{"href":"https:\/\/archivio.cercoiltuovolto.it\/index.php?rest_route=%2Fwp%2Fv2%2Fmedia&parent=234493"}],"wp:term":[{"taxonomy":"category","embeddable":true,"href":"https:\/\/archivio.cercoiltuovolto.it\/index.php?rest_route=%2Fwp%2Fv2%2Fcategories&post=234493"},{"taxonomy":"post_tag","embeddable":true,"href":"https:\/\/archivio.cercoiltuovolto.it\/index.php?rest_route=%2Fwp%2Fv2%2Ftags&post=234493"}],"curies":[{"name":"wp","href":"https:\/\/api.w.org\/{rel}","templated":true}]}}