{"id":234481,"date":"2012-12-26T12:14:25","date_gmt":"2012-12-26T12:14:25","guid":{"rendered":"https:\/\/archivio.cercoiltuovolto.it\/?p=234481"},"modified":"2012-12-26T12:14:25","modified_gmt":"2012-12-26T12:14:25","slug":"benedetto-xvi-messaggio-di-natale-urbi-et-orbi-2012-in-mp3","status":"publish","type":"post","link":"https:\/\/archivio.cercoiltuovolto.it\/?p=234481","title":{"rendered":"Benedetto XVI &#8211; Messaggio di Natale Urbi et Orbi 2012 in mp3"},"content":{"rendered":"<blockquote>\n<p style=\"text-align: justify;\">\u00ab<i>Veritas de terra orta est!<\/i>\u00bb &#8211; \u00abLa verit\u00e0 \u00e8 germogliata dalla terra!\u00bb (<i>Sal<\/i>\u00a085,12).<\/p>\n<p style=\"text-align: justify;\">Cari fratelli e sorelle di Roma e del mondo intero, buon Natale a tutti voi e alle vostre famiglie!<\/p>\n<p style=\"text-align: justify;\">Il mio augurio natalizio, in quest\u2019<i><a href=\"http:\/\/www.vatican.va\/special\/annus_fidei\/index_it.htm\">Anno della fede<\/a><\/i>, lo esprimo con queste parole, tratte da un Salmo: \u00abLa verit\u00e0 \u00e8 germogliata dalla terra\u00bb. Nel testo del Salmo, in realt\u00e0, le troviamo al futuro: \u00abLa verit\u00e0 germoglier\u00e0 dalla terra\u00bb: \u00e8 un annuncio, una promessa, accompagnata da altre espressioni, che nell\u2019insieme suonano cos\u00ec: \u00abAmore e verit\u00e0 s\u2019incontreranno, \/ giustizia e pace si baceranno. \/ Verit\u00e0 germoglier\u00e0 dalla terra \/ e giustizia si affaccer\u00e0 dal cielo. \/ Certo, il Signore doner\u00e0 il suo bene \/ e la nostra terra dar\u00e0 il suo frutto; \/ giustizia camminer\u00e0 davanti a lui: \/ i suoi passi tracceranno il cammino\u00bb (<i>Sal<\/i>\u00a085,11-14).<\/p>\n<p style=\"text-align: justify;\">Oggi questa parola profetica si \u00e8 compiuta! In Ges\u00f9, nato a Betlemme da Maria Vergine, realmente l\u2019amore e la verit\u00e0 si incontrano, la giustizia e la pace si sono baciate; la verit\u00e0 \u00e8 germogliata dalla terra e la giustizia si \u00e8 affacciata dal cielo. Sant\u2019Agostino spiega con felice concisione: \u00abChe cos\u2019\u00e8 la verit\u00e0? Il Figlio di Dio. Che cos\u2019\u00e8 la terra? La carne. Dom\u00e0ndati da dove \u00e8 nato Cristo, e vedi perch\u00e9 la verit\u00e0 \u00e8 germogliata dalla terra \u2026 la verit\u00e0 \u00e8 nata da Maria Vergine\u00bb (<i>En. in Ps.<\/i>\u00a084,13). E in un discorso di Natale afferma: \u00abCon questa festa che ricorre ogni anno celebriamo dunque il giorno in cui si ademp\u00ec la profezia: \u201cLa verit\u00e0 \u00e8 sorta dalla terra e la giustizia si \u00e8 affacciata dal cielo\u201d. La Verit\u00e0 che \u00e8 nel seno del Padre \u00e8 sorta dalla terra perch\u00e9 fosse anche nel seno di una madre. La Verit\u00e0 che regge il mondo intero \u00e8 sorta dalla terra perch\u00e9 fosse sorretta da mani di donna \u2026 La Verit\u00e0 che il cielo non \u00e8 sufficiente a contenere \u00e8 sorta dalla terra per essere adagiata in una mangiatoia. Con vantaggio di chi un Dio tanto sublime si \u00e8 fatto tanto umile? Certamente con nessun vantaggio per s\u00e9, ma con grande vantaggio per noi, se crediamo\u00bb (<i>Sermones<\/i>, 185, 1).<\/p>\n<p style=\"text-align: justify;\">\u00abSe crediamo\u00bb. Ecco la potenza della fede! Dio ha fatto tutto, ha fatto l\u2019impossibile: si \u00e8 fatto carne. La sua onnipotenza d\u2019amore ha realizzato ci\u00f2 che va al di l\u00e0 dell\u2019umana comprensione: l\u2019Infinito si \u00e8 fatto bambino, \u00e8 entrato nell\u2019umanit\u00e0. Eppure, questo stesso Dio non pu\u00f2 entrare nel mio cuore se non apro io la porta.\u00a0<i>Porta fidei<\/i>! La porta della fede! Potremmo rimanere spaventati, davanti a questa nostra onnipotenza alla rovescia. Questo potere dell\u2019uomo di chiudersi a Dio pu\u00f2 farci paura. Ma ecco la realt\u00e0 che scaccia questo pensiero tenebroso, la speranza che vince la paura: la verit\u00e0\u00a0<i>\u00e8 germogliata<\/i>! Dio\u00a0<i>\u00e8 nato<\/i>! \u00abLa terra ha dato il suo frutto\u00bb (<i>Sal<\/i>\u00a067,7). S\u00ec, c\u2019\u00e8 una terra buona, una terra sana, libera da ogni egoismo e da ogni chiusura. C\u2019\u00e8 nel mondo una terra che Dio ha preparato per venire ad abitare in mezzo a noi. Una dimora per la sua presenza nel mondo. Questa terra esiste, e anche oggi, nel 2012, da questa terra \u00e8 germogliata la verit\u00e0! Perci\u00f2 c\u2019\u00e8 speranza nel mondo, una speranza affidabile, anche nei momenti e nelle situazioni pi\u00f9 difficili. La verit\u00e0 \u00e8 germogliata portando amore, giustizia e pace.<\/p>\n<p style=\"text-align: justify;\">S\u00ec, la pace germogli per la popolazione siriana, profondamente ferita e divisa da un conflitto che non risparmia neanche gli inermi e miete vittime innocenti. Ancora una volta faccio appello perch\u00e9 cessi lo spargimento di sangue, si facilitino i soccorsi ai profughi e agli sfollati e, tramite il dialogo, si persegua una soluzione politica al conflitto.<\/p>\n<p style=\"text-align: justify;\">La pace germogli nella Terra dove \u00e8 nato il Redentore, ed Egli doni a Israeliani e Palestinesi il coraggio di porre fine a troppi anni di lotte e di divisioni, e di intraprendere con decisione il cammino del negoziato.<\/p>\n<p style=\"text-align: justify;\">Nei Paesi del Nord Africa, che attraversano una profonda transizione alla ricerca di un nuovo futuro &#8211; in particolare in Egitto, terra amata e benedetta dall\u2019infanzia di Ges\u00f9 &#8211; i cittadini costruiscano insieme societ\u00e0 basate sulla giustizia, il rispetto della libert\u00e0 e della dignit\u00e0 di ogni persona.<\/p>\n<p style=\"text-align: justify;\">La pace germogli nel vasto Continente asiatico. Ges\u00f9 Bambino guardi con benevolenza ai numerosi Popoli che abitano quelle terre e, in modo speciale, quanti credono in Lui. Il Re della Pace<i>\u00a0<\/i>rivolgainoltre il suo sguardo ai nuovi Dirigenti della Repubblica Popolare Cinese per l\u2019alto compito che li attende. Auspico che esso valorizzi l&#8217;apporto delle religioni, nel rispetto di ciascuna, cos\u00ec che queste possano contribuire alla costruzione di una societ\u00e0 solidale, a beneficio di quel nobile Popolo e del mondo intero.<\/p>\n<p style=\"text-align: justify;\">Il Natale di Cristo favorisca il ritorno della pace nel Mali e della concordia in Nigeria, dove efferati attentati terroristici continuano a mietere vittime, in particolare tra i Cristiani. Il Redentore rechi aiuto e conforto ai profughi dell\u2019Est della Repubblica Democratica del Congo e doni pace al Kenya, dove sanguinosi attentati hanno colpito la popolazione civile e i luoghi di culto.<\/p>\n<p style=\"text-align: justify;\">Ges\u00f9 Bambino benedica i numerosissimi fedeli che Lo celebrano in America Latina. Accresca le loro virt\u00f9 umane e cristiane, sostenga quanti sono costretti ad emigrare dalle loro famiglie e dalla loro terra, rafforzi i Governanti nell\u2019impegno per lo sviluppo e nella lotta alla criminalit\u00e0.<\/p>\n<p style=\"text-align: justify;\">Cari fratelli e sorelle! Amore e verit\u00e0, giustizia e pace si sono incontrate, si sono\u00a0<i>incarnate\u00a0<\/i>nell\u2019uomo nato a Betlemme da Maria. Quell\u2019uomo \u00e8 il Figlio di Dio, \u00e8 Dio apparso nella storia. La sua nascita \u00e8 un germoglio di vita nuova per tutta l\u2019umanit\u00e0. Possa ogni terra diventare una terra buona, che accoglie e germoglia l\u2019amore, la verit\u00e0, la giustizia e la pace. Buon Natale a tutti!<\/p>\n<ul>\n<li><a href=\"http:\/\/www.vatican.va\/holy_father\/benedict_xvi\/messages\/urbi\/documents\/hf_ben-xvi_mes_20121225_urbi_it.html\">Leggi tutto il messaggio<\/a> <em>\u00a9 Copyright 2012 &#8211; Libreria Editrice Vaticana<\/em><\/li>\n<li><a href=\"http:\/\/player.rv.va\/vaticanplayer.asp?language=it&amp;tic=VA_7TD1WKOT\" target=\"_blank\"><em>Link al Video<\/em><\/a><\/li>\n<\/ul>\n<\/blockquote>\n<p><img loading=\"lazy\" decoding=\"async\" class=\"alignnone size-full wp-image-25340\" style=\"margin-bottom: -35px;\" title=\"ascolta-il-podcast\" alt=\"\" src=\"http:\/\/www.cercoiltuovolto.it\/wp-content\/uploads\/2012\/09\/ascolta-il-podcast.png\" width=\"277\" height=\"77\" \/><\/p>\n<div class=\"powerpressbox\">[powerpress]<\/div>\n<p style=\"text-align: justify;\"><strong>Fonte<\/strong>: Radio Vaticana via FeedRss<\/p>\n<p style=\"text-align: justify;\"><span style=\"font-size: xx-small;\"><em>(The content of this podcast is copyrighted by Vatican Radio which, according to its statute, is entrusted to manage and protect the sound recordings of the Roman Pontiff, ensuring that their pastoral character and intellectual property&#8217;s rights are protected when used by third parties. The content of this podcast is made available only for personal and private use and cannot be exploited for commercial purposes, without prior written authorization by Vatican Radio. For further information, please contact the International Relation Office at relint@vatiradio.va)<\/em><\/span><\/p>\n","protected":false},"excerpt":{"rendered":"<p>\u00abVeritas de terra orta est!\u00bb &#8211; \u00abLa verit\u00e0 \u00e8 germogliata dalla terra!\u00bb (Sal\u00a085,12). Cari fratelli e sorelle di Roma e del mondo intero, buon Natale a tutti voi e alle vostre famiglie! Il mio augurio natalizio, in quest\u2019Anno della fede, lo esprimo con queste parole, tratte da un Salmo: \u00abLa verit\u00e0 \u00e8 germogliata dalla terra\u00bb&#8230;.<\/p>\n","protected":false},"author":3,"featured_media":0,"comment_status":"closed","ping_status":"closed","sticky":false,"template":"","format":"standard","meta":{"_kad_post_transparent":"","_kad_post_title":"","_kad_post_layout":"","_kad_post_sidebar_id":"","_kad_post_content_style":"","_kad_post_vertical_padding":"","_kad_post_feature":"","_kad_post_feature_position":"","_kad_post_header":false,"_kad_post_footer":false,"_kad_post_classname":"","footnotes":""},"categories":[102,127],"tags":[141,294,9],"class_list":["post-234481","post","type-post","status-publish","format-standard","hentry","category-102","category-benedetto-xvi","tag-tempo-di-natale","tag-urbi-et-orbi","tag-vaticano"],"_links":{"self":[{"href":"https:\/\/archivio.cercoiltuovolto.it\/index.php?rest_route=\/wp\/v2\/posts\/234481","targetHints":{"allow":["GET"]}}],"collection":[{"href":"https:\/\/archivio.cercoiltuovolto.it\/index.php?rest_route=\/wp\/v2\/posts"}],"about":[{"href":"https:\/\/archivio.cercoiltuovolto.it\/index.php?rest_route=\/wp\/v2\/types\/post"}],"author":[{"embeddable":true,"href":"https:\/\/archivio.cercoiltuovolto.it\/index.php?rest_route=\/wp\/v2\/users\/3"}],"replies":[{"embeddable":true,"href":"https:\/\/archivio.cercoiltuovolto.it\/index.php?rest_route=%2Fwp%2Fv2%2Fcomments&post=234481"}],"version-history":[{"count":0,"href":"https:\/\/archivio.cercoiltuovolto.it\/index.php?rest_route=\/wp\/v2\/posts\/234481\/revisions"}],"wp:attachment":[{"href":"https:\/\/archivio.cercoiltuovolto.it\/index.php?rest_route=%2Fwp%2Fv2%2Fmedia&parent=234481"}],"wp:term":[{"taxonomy":"category","embeddable":true,"href":"https:\/\/archivio.cercoiltuovolto.it\/index.php?rest_route=%2Fwp%2Fv2%2Fcategories&post=234481"},{"taxonomy":"post_tag","embeddable":true,"href":"https:\/\/archivio.cercoiltuovolto.it\/index.php?rest_route=%2Fwp%2Fv2%2Ftags&post=234481"}],"curies":[{"name":"wp","href":"https:\/\/api.w.org\/{rel}","templated":true}]}}