{"id":234464,"date":"2012-12-20T17:03:33","date_gmt":"2012-12-20T17:03:33","guid":{"rendered":"https:\/\/archivio.cercoiltuovolto.it\/?p=234464"},"modified":"2012-12-20T17:03:33","modified_gmt":"2012-12-20T17:03:33","slug":"commento-al-vangelo-del-23-dicembre-2012-don-fabio-rosini","status":"publish","type":"post","link":"https:\/\/archivio.cercoiltuovolto.it\/?p=234464","title":{"rendered":"Commento al Vangelo del 23 dicembre 2012 \u2013 don Fabio Rosini"},"content":{"rendered":"<p style=\"text-align: center;\"><img decoding=\"async\" class=\"aligncenter  wp-image-14942\" style=\"border: 0pt none;\" title=\"don Fabio Rosini - Biblista\" alt=\"\" src=\"http:\/\/www.cercoiltuovolto.it\/wp-content\/uploads\/2010\/11\/rosini-470x152.png\" \/><\/p>\n<p>Il biblista don Fabio Rosini commenta il Vangelo di <strong>domenica prossima <\/strong>dai microfoni di <a href=\"xxxxxxxxxxx\" target=\"_blank\">Radio Vaticana<\/a>.<\/p>\n<blockquote>\n<p style=\"text-align: justify;\"><em>Lc 1, 39-48<\/em><br \/><em>Dal Vangelo secondo\u00a0Luca<\/em><\/p>\n<p>In quei giorni Maria si alz\u00f2 e and\u00f2 in fretta verso la regione montuosa, in una citt\u00e0 di Giuda.<br \/>Entrata nella casa di Zaccar\u00eca, salut\u00f2 Elisabetta. Appena Elisabetta ebbe udito il saluto di Maria, il bambino sussult\u00f2 nel suo grembo. Elisabetta fu colmata di Spirito Santo ed esclam\u00f2 a gran voce: \u00abBenedetta tu fra le donne e benedetto il frutto del tuo grembo! A che cosa devo che la madre del mio Signore venga da me? Ecco, appena il tuo saluto \u00e8 giunto ai miei orecchi, il bambino ha sussultato di gioia nel mio grembo. E beata colei che ha creduto nell&#8217;adempimento di ci\u00f2 che il Signore le ha detto\u00bb.<\/p>\n<p>C: Parola del Signore.<br \/>A: Lode a Te o Cristo.<\/p>\n<\/blockquote>\n<div class=\"powerpressbox\">[powerpress]<\/div>\n<p class=\"link\"><a href=\"http:\/\/www.cercoiltuovolto.it\/youtube\/commenti-al-vangelo\/tutti-i-commenti-al-vangelo-di-don-fabio-rosini\/\">Tutti i commenti al Vangelo di don Fabio<\/a><\/p>\n","protected":false},"excerpt":{"rendered":"<p>Il biblista don Fabio Rosini commenta il Vangelo di domenica prossima dai microfoni di Radio Vaticana. Lc 1, 39-48Dal Vangelo secondo\u00a0Luca In quei giorni Maria si alz\u00f2 e and\u00f2 in fretta verso la regione montuosa, in una citt\u00e0 di Giuda.Entrata nella casa di Zaccar\u00eca, salut\u00f2 Elisabetta. Appena Elisabetta ebbe udito il saluto di Maria, il&#8230;<\/p>\n","protected":false},"author":3,"featured_media":0,"comment_status":"closed","ping_status":"closed","sticky":false,"template":"","format":"standard","meta":{"_kad_post_transparent":"","_kad_post_title":"","_kad_post_layout":"","_kad_post_sidebar_id":"","_kad_post_content_style":"","_kad_post_vertical_padding":"","_kad_post_feature":"","_kad_post_feature_position":"","_kad_post_header":false,"_kad_post_footer":false,"_kad_post_classname":"","footnotes":""},"categories":[102,112],"tags":[5,276,27],"class_list":["post-234464","post","type-post","status-publish","format-standard","hentry","category-102","category-avvento","tag-commento-al-vangelo","tag-don-fabio-rosini","tag-radio-vaticana"],"_links":{"self":[{"href":"https:\/\/archivio.cercoiltuovolto.it\/index.php?rest_route=\/wp\/v2\/posts\/234464","targetHints":{"allow":["GET"]}}],"collection":[{"href":"https:\/\/archivio.cercoiltuovolto.it\/index.php?rest_route=\/wp\/v2\/posts"}],"about":[{"href":"https:\/\/archivio.cercoiltuovolto.it\/index.php?rest_route=\/wp\/v2\/types\/post"}],"author":[{"embeddable":true,"href":"https:\/\/archivio.cercoiltuovolto.it\/index.php?rest_route=\/wp\/v2\/users\/3"}],"replies":[{"embeddable":true,"href":"https:\/\/archivio.cercoiltuovolto.it\/index.php?rest_route=%2Fwp%2Fv2%2Fcomments&post=234464"}],"version-history":[{"count":0,"href":"https:\/\/archivio.cercoiltuovolto.it\/index.php?rest_route=\/wp\/v2\/posts\/234464\/revisions"}],"wp:attachment":[{"href":"https:\/\/archivio.cercoiltuovolto.it\/index.php?rest_route=%2Fwp%2Fv2%2Fmedia&parent=234464"}],"wp:term":[{"taxonomy":"category","embeddable":true,"href":"https:\/\/archivio.cercoiltuovolto.it\/index.php?rest_route=%2Fwp%2Fv2%2Fcategories&post=234464"},{"taxonomy":"post_tag","embeddable":true,"href":"https:\/\/archivio.cercoiltuovolto.it\/index.php?rest_route=%2Fwp%2Fv2%2Ftags&post=234464"}],"curies":[{"name":"wp","href":"https:\/\/api.w.org\/{rel}","templated":true}]}}