{"id":234422,"date":"2012-12-11T06:50:49","date_gmt":"2012-12-11T06:50:49","guid":{"rendered":"https:\/\/archivio.cercoiltuovolto.it\/?p=234422"},"modified":"2012-12-11T06:50:49","modified_gmt":"2012-12-11T06:50:49","slug":"meditare-i-salmi-salmo-11814-iii-avvento-c-16-dicembre-2012","status":"publish","type":"post","link":"https:\/\/archivio.cercoiltuovolto.it\/?p=234422","title":{"rendered":"Meditare i Salmi &#8211; Salmo 118,14 (III Avvento C) &#8211; 16 dicembre 2012"},"content":{"rendered":"<p>Sof 3,14-18 \/ Is 12 \/ Fil 4,4-7 \/ Lc 3,10-18<\/p>\n<h2>Ruminare i Salmi<\/h2>\n<p style=\"text-align: justify;\">Con l&#8217;avvento 2012 prende il via il progetto &#8220;Ruminar Salmi&#8221;, una proposta di meditazione su una frase tratta dal salmo responsoriale della liturgia domenicale.<br \/>Si tratta di un video settimanale pubblicato su Youtube della durata di 3 minuti circa, che riporta due o tre traduzioni della frase in questione, una o due frasi del Nuovo Testamento dalle letture della stessa liturgia, per collegare l&#8217;Antico al Nuovo, un pensiero di commento (spesso ispirato ai Padri della Chiesa) e infine un suggerimento per la ruminazione.<br \/>La ruminazione \u00e8 la ripetizione di una breve preghiera o frase biblica, con esclusione di ogni altro pensiero.<\/p>\n<p style=\"text-align: center;\">\n<div class=\"entry-content-asset videofit\"><iframe loading=\"lazy\" title=\"Ruminare i Salmi - Salmo 126,5 (II avvento C) Salmo 126,5\" width=\"720\" height=\"405\" src=\"https:\/\/www.youtube.com\/embed\/-dmEZG8UBgQ?feature=oembed\" frameborder=\"0\" allow=\"accelerometer; autoplay; clipboard-write; encrypted-media; gyroscope; picture-in-picture; web-share\" referrerpolicy=\"strict-origin-when-cross-origin\" allowfullscreen><\/iframe><\/div>\n<\/p>\n<p>16 dicembre 2012<br \/>III domenica di avvento &#8211; anno C<\/p>\n<p>Is 12,2 (cf. Es 15,2 e Sal 118,14)<br \/>Mia forza e mio canto \u00e8 il Signore;<br \/>egli \u00e8 stato la mia salvezza.<br \/>TILC Mi dai forza: canter\u00f2 in tuo onore,<br \/>Signore, mio Salvatore.<br \/>NV fortitudo mea et laus mea Dominus,<br \/>et factus est mihi in salutem<\/p>\n<p>Fil 4,4 Siate sempre lieti nel Signore<br \/>Lc 3,16 Giovanni rispose a tutti dicendo: &#8220;Io vi battezzo con acqua; ma viene colui che \u00e8 pi\u00f9 forte di me&#8221;.<\/p>\n<p>Quando scopro che che la (mia) storia \u00e8 in mano a Dio e non a potenze estranee, e che sto saldamente nella vita, allora sono nella gioia. Allora canto al Signore. In questo canto, espressione della certezza che &#8220;il Signore regna&#8221; (Es 15,18), sta l&#8217;unica vera possibile forza di salvezza: &#8220;mia forza e mio canto \u00e8 il Signore!&#8221; (Es 15,2). Il canto \u00e8 forza e la forza \u00e8 canto.<br \/>Senza canto, la forza \u00e8 violenza, cieca autoaffermazione, imposizione. Forza vera \u00e8 il cantico nuovo dello stupore felice che sgorga dal cuore di fronte alla gloria di Dio.<br \/>Senza forza, il canto \u00e8 allegria inconsistente o semplice estetismo; vuoto stordimento o sensuale degustazione di una bellezza che non libera, ma imprigiona ulteriormente nell&#8217;orizzonte mondano.<\/p>\n<p>don Marco Pratesi<\/p>\n<p><a href=\"http:\/\/granoezizzania.blogspot.it\/\" target=\"_blank\">http:\/\/granoezizzania.<wbr>blogspot.it<\/wbr><\/a><\/p>\n","protected":false},"excerpt":{"rendered":"<p>Sof 3,14-18 \/ Is 12 \/ Fil 4,4-7 \/ Lc 3,10-18 Ruminare i Salmi Con l&#8217;avvento 2012 prende il via il progetto &#8220;Ruminar Salmi&#8221;, una proposta di meditazione su una frase tratta dal salmo responsoriale della liturgia domenicale.Si tratta di un video settimanale pubblicato su Youtube della durata di 3 minuti circa, che riporta due&#8230;<\/p>\n","protected":false},"author":3,"featured_media":0,"comment_status":"closed","ping_status":"closed","sticky":false,"template":"","format":"standard","meta":{"_kad_post_transparent":"","_kad_post_title":"","_kad_post_layout":"","_kad_post_sidebar_id":"","_kad_post_content_style":"","_kad_post_vertical_padding":"","_kad_post_feature":"","_kad_post_feature_position":"","_kad_post_header":false,"_kad_post_footer":false,"_kad_post_classname":"","footnotes":""},"categories":[102,112],"tags":[339,7,247],"class_list":["post-234422","post","type-post","status-publish","format-standard","hentry","category-102","category-avvento","tag-isaia","tag-meditazione","tag-salmi"],"_links":{"self":[{"href":"https:\/\/archivio.cercoiltuovolto.it\/index.php?rest_route=\/wp\/v2\/posts\/234422","targetHints":{"allow":["GET"]}}],"collection":[{"href":"https:\/\/archivio.cercoiltuovolto.it\/index.php?rest_route=\/wp\/v2\/posts"}],"about":[{"href":"https:\/\/archivio.cercoiltuovolto.it\/index.php?rest_route=\/wp\/v2\/types\/post"}],"author":[{"embeddable":true,"href":"https:\/\/archivio.cercoiltuovolto.it\/index.php?rest_route=\/wp\/v2\/users\/3"}],"replies":[{"embeddable":true,"href":"https:\/\/archivio.cercoiltuovolto.it\/index.php?rest_route=%2Fwp%2Fv2%2Fcomments&post=234422"}],"version-history":[{"count":0,"href":"https:\/\/archivio.cercoiltuovolto.it\/index.php?rest_route=\/wp\/v2\/posts\/234422\/revisions"}],"wp:attachment":[{"href":"https:\/\/archivio.cercoiltuovolto.it\/index.php?rest_route=%2Fwp%2Fv2%2Fmedia&parent=234422"}],"wp:term":[{"taxonomy":"category","embeddable":true,"href":"https:\/\/archivio.cercoiltuovolto.it\/index.php?rest_route=%2Fwp%2Fv2%2Fcategories&post=234422"},{"taxonomy":"post_tag","embeddable":true,"href":"https:\/\/archivio.cercoiltuovolto.it\/index.php?rest_route=%2Fwp%2Fv2%2Ftags&post=234422"}],"curies":[{"name":"wp","href":"https:\/\/api.w.org\/{rel}","templated":true}]}}