{"id":234406,"date":"2012-12-09T00:06:51","date_gmt":"2012-12-09T00:06:51","guid":{"rendered":"https:\/\/archivio.cercoiltuovolto.it\/?p=234406"},"modified":"2012-12-09T00:06:51","modified_gmt":"2012-12-09T00:06:51","slug":"benedetto-xvi-angelus-dell-8-dicembre-2012-in-mp3-solennita-dellimmacolata-concezione","status":"publish","type":"post","link":"https:\/\/archivio.cercoiltuovolto.it\/?p=234406","title":{"rendered":"Benedetto XVI &#8211; Angelus dell&#8217; 8 dicembre 2012 in mp3 &#8211; Solennit\u00e0 dell&#8217;Immacolata Concezione"},"content":{"rendered":"<p style=\"text-align: justify;\"><em>Cari fratelli e sorelle!<\/em><\/p>\n<p style=\"text-align: justify;\">A tutti voi, buona festa di Maria Immacolata! In questo\u00a0<em>Anno della fede<\/em>\u00a0vorrei sottolineare che Maria \u00e8 l\u2019Immacolata per un dono gratuito della grazia di Dio, che ha trovato, per\u00f2, in Lei perfetta disponibilit\u00e0 e collaborazione. In questo senso ella \u00e8 \u201cbeata\u201d perch\u00e9 \u00abha creduto\u00bb (<em>Lc<\/em>\u00a01,45), perch\u00e9 ha avuto una fede salda in Dio. Maria rappresenta quel \u00abresto di Israele\u00bb, quella radice santa che i profeti hanno annunciato. In lei trovano accoglienza le promesse dell\u2019antica Alleanza. In Maria la Parola di Dio trova ascolto, ricezione, risposta, trova quel \u00abs\u00ec\u00bb che le permette di prendere carne e venire ad abitare in mezzo a noi. In Maria l\u2019umanit\u00e0, la storia si aprono realmente a Dio, accolgono la sua grazia, sono disposte a fare la sua volont\u00e0. Maria \u00e8 espressione genuina della Grazia. Ella rappresenta il nuovo Israele, che le Scritture dell\u2019Antico Testamento descrivono con il simbolo della sposa. E san Paolo riprende questo linguaggio nella Lettera agli Efesini l\u00e0 dove parla del matrimonio e dice che \u00abCristo ha amato la Chiesa e ha dato se stesso per lei, per renderla santa, purificandola con il lavacro dell\u2019acqua mediante la parola, e per presentare a se stesso la Chiesa tutta gloriosa, senza macchia n\u00e9 ruga o alcunch\u00e9 di simile, ma santa e immacolata\u00bb (5,25-27). I Padri della Chiesa hanno sviluppato questa immagine e cos\u00ec la dottrina dell\u2019Immacolata \u00e8 nata prima in riferimento alla Chiesa vergine-madre, e successivamente a Maria. Cos\u00ec scrive poeticamente Efrem il Siro: \u00abCome i corpi stessi hanno peccato e muoiono, e la terra, loro madre, \u00e8 maledetta (cfr\u00a0<em>Gen<\/em>\u00a03,17-19), cos\u00ec a causa di questo corpo che \u00e8 la Chiesa incorruttibile, la sua terra \u00e8 benedetta fin dall\u2019inizio. Questa terra \u00e8 il corpo di Maria, tempio nel quale un seme \u00e8 stato deposto\u00bb (<em>Diatessaron<\/em>\u00a04, 15:\u00a0<em>SC<\/em>\u00a0121, 102).<\/p>\n<p style=\"text-align: justify;\">La luce che promana dalla figura di Maria ci aiuta anche a comprendere il vero senso del peccato originale. In Maria, infatti, \u00e8 pienamente viva e operante quella relazione con Dio che il peccato spezza. In lei non c\u2019\u00e8 alcuna opposizione tra Dio e il suo essere: c\u2019\u00e8 piena comunione, piena intesa. C\u2019\u00e8 un \u00abs\u00ec\u00bb reciproco, di Dio a lei e di lei a Dio. Maria \u00e8 libera dal peccato perch\u00e9 \u00e8 tutta di Dio, totalmente espropriata per Lui. E\u2019 piena della sua Grazia, del suo Amore.<\/p>\n<p style=\"text-align: justify;\">In conclusione, la dottrina dell\u2019Immacolata Concezione di Maria esprime la certezza di fede che le promesse di Dio si sono realizzate: che la sua alleanza non fallisce, ma ha prodotto una radice santa, da cui \u00e8 germogliato il Frutto benedetto di tutto l\u2019universo, Ges\u00f9, il Salvatore. L\u2019Immacolata sta a dimostrare che la Grazia \u00e8 capace di suscitare una risposta, che la\u00a0<em>fedelt\u00e0<\/em>\u00a0di Dio sa generare una<em>fede<\/em>\u00a0vera e buona.<\/p>\n<p style=\"text-align: justify;\">Cari amici, questo pomeriggio, com\u2019\u00e8 consuetudine, mi recher\u00f2 in Piazza di Spagna, per l\u2019omaggio a Maria Immacolata. Seguiamo l\u2019esempio della Madre di Dio, perch\u00e9 anche in noi la grazia del Signore trovi risposta in una fede genuina e feconda.<\/p>\n<ul>\n<li><a href=\"http:\/\/www.vatican.va\/holy_father\/benedict_xvi\/angelus\/2012\/documents\/hf_ben-xvi_ang_20121208_it.html\">Dopo l&#8217;Angelus<\/a> <em>\u00a9 Copyright 2012 &#8211; Libreria Editrice Vaticana<\/em><\/li>\n<li><a href=\"http:\/\/player.rv.va\/vaticanplayer.asp?language=it&amp;tic=VA_EOAOH5WD\" target=\"_blank\"><em>Link al Video<\/em><\/a><\/li>\n<\/ul>\n<p><img loading=\"lazy\" decoding=\"async\" class=\"alignnone size-full wp-image-25340\" style=\"margin-bottom: -35px;\" title=\"ascolta-il-podcast\" src=\"http:\/\/www.cercoiltuovolto.it\/wp-content\/uploads\/2012\/09\/ascolta-il-podcast.png\" alt=\"\" width=\"277\" height=\"77\" \/><\/p>\n<div class=\"powerpressbox\">[powerpress]<\/div>\n<p style=\"text-align: justify;\"><strong>Fonte<\/strong>: Radio Vaticana via FeedRss<\/p>\n<p style=\"text-align: justify;\"><span style=\"font-size: xx-small;\"><em>(The content of this podcast is copyrighted by Vatican Radio which, according to its statute, is entrusted to manage and protect the sound recordings of the Roman Pontiff, ensuring that their pastoral character and intellectual property&#8217;s rights are protected when used by third parties. The content of this podcast is made available only for personal and private use and cannot be exploited for commercial purposes, without prior written authorization by Vatican Radio. For further information, please contact the International Relation Office at relint@vatiradio.va)<\/em><\/span><\/p>\n","protected":false},"excerpt":{"rendered":"<p>Cari fratelli e sorelle! A tutti voi, buona festa di Maria Immacolata! In questo\u00a0Anno della fede\u00a0vorrei sottolineare che Maria \u00e8 l\u2019Immacolata per un dono gratuito della grazia di Dio, che ha trovato, per\u00f2, in Lei perfetta disponibilit\u00e0 e collaborazione. In questo senso ella \u00e8 \u201cbeata\u201d perch\u00e9 \u00abha creduto\u00bb (Lc\u00a01,45), perch\u00e9 ha avuto una fede salda&#8230;<\/p>\n","protected":false},"author":3,"featured_media":0,"comment_status":"closed","ping_status":"closed","sticky":false,"template":"","format":"standard","meta":{"_kad_post_transparent":"","_kad_post_title":"","_kad_post_layout":"","_kad_post_sidebar_id":"","_kad_post_content_style":"","_kad_post_vertical_padding":"","_kad_post_feature":"","_kad_post_feature_position":"","_kad_post_header":false,"_kad_post_footer":false,"_kad_post_classname":"","footnotes":""},"categories":[102,114],"tags":[73,439,9],"class_list":["post-234406","post","type-post","status-publish","format-standard","hentry","category-102","category-angelus","tag-benedetto-xvi","tag-immacolata-concezione","tag-vaticano"],"_links":{"self":[{"href":"https:\/\/archivio.cercoiltuovolto.it\/index.php?rest_route=\/wp\/v2\/posts\/234406","targetHints":{"allow":["GET"]}}],"collection":[{"href":"https:\/\/archivio.cercoiltuovolto.it\/index.php?rest_route=\/wp\/v2\/posts"}],"about":[{"href":"https:\/\/archivio.cercoiltuovolto.it\/index.php?rest_route=\/wp\/v2\/types\/post"}],"author":[{"embeddable":true,"href":"https:\/\/archivio.cercoiltuovolto.it\/index.php?rest_route=\/wp\/v2\/users\/3"}],"replies":[{"embeddable":true,"href":"https:\/\/archivio.cercoiltuovolto.it\/index.php?rest_route=%2Fwp%2Fv2%2Fcomments&post=234406"}],"version-history":[{"count":0,"href":"https:\/\/archivio.cercoiltuovolto.it\/index.php?rest_route=\/wp\/v2\/posts\/234406\/revisions"}],"wp:attachment":[{"href":"https:\/\/archivio.cercoiltuovolto.it\/index.php?rest_route=%2Fwp%2Fv2%2Fmedia&parent=234406"}],"wp:term":[{"taxonomy":"category","embeddable":true,"href":"https:\/\/archivio.cercoiltuovolto.it\/index.php?rest_route=%2Fwp%2Fv2%2Fcategories&post=234406"},{"taxonomy":"post_tag","embeddable":true,"href":"https:\/\/archivio.cercoiltuovolto.it\/index.php?rest_route=%2Fwp%2Fv2%2Ftags&post=234406"}],"curies":[{"name":"wp","href":"https:\/\/api.w.org\/{rel}","templated":true}]}}