{"id":234401,"date":"2012-12-08T06:24:02","date_gmt":"2012-12-08T06:24:02","guid":{"rendered":"https:\/\/archivio.cercoiltuovolto.it\/?p=234401"},"modified":"2012-12-08T06:24:02","modified_gmt":"2012-12-08T06:24:02","slug":"cattedra-della-fede-credere-in-lui-come-allorigine-avvento-2012","status":"publish","type":"post","link":"https:\/\/archivio.cercoiltuovolto.it\/?p=234401","title":{"rendered":"Cattedra della Fede: Credere in Lui. Come all&#8217;origine &#8211; Avvento 2012"},"content":{"rendered":"<p style=\"text-align: center;\"><img loading=\"lazy\" decoding=\"async\" class=\"alignnone size-full wp-image-26877\" title=\"cattedra della fede\" src=\"http:\/\/www.cercoiltuovolto.it\/wp-content\/uploads\/2012\/12\/cattedra-della-fede.jpg\" alt=\"\" width=\"613\" height=\"300\" \/><\/p>\n<p>Continua il cammino di riscoperta e di approfondimento della comunit\u00e0 diocesana nell&#8217;Anno della fede.\u00a0 Luned\u00ec 3 e venerd\u00ec 14, nel tempo d&#8217;Avvento, il Vescovo Pietro Santoro, alle ore 21, nel castello Orsini terr\u00e0 due conferenze.<\/p>\n<p>I temi sono quelli della Cattedra della fede:<em>\u00a0Credere in Lui. Come all&#8217;origine\u00a0e\u00a0Dire la fede oggi<\/em>.<\/p>\n<p style=\"text-align: center;\">http:\/\/youtu.be\/2kT4X_9d7io\u00a0<\/p>\n<p class=\"link\" style=\"text-align: left;\">Fonte: <a href=\"http:\/\/www.ilvelinoweb.it\/\" target=\"_blank\">il Velino<\/a><\/p>\n","protected":false},"excerpt":{"rendered":"<p>Continua il cammino di riscoperta e di approfondimento della comunit\u00e0 diocesana nell&#8217;Anno della fede.\u00a0 Luned\u00ec 3 e venerd\u00ec 14, nel tempo d&#8217;Avvento, il Vescovo Pietro Santoro, alle ore 21, nel castello Orsini terr\u00e0 due conferenze. I temi sono quelli della Cattedra della fede:\u00a0Credere in Lui. Come all&#8217;origine\u00a0e\u00a0Dire la fede oggi. http:\/\/youtu.be\/2kT4X_9d7io\u00a0 Fonte: il Velino<\/p>\n","protected":false},"author":3,"featured_media":0,"comment_status":"closed","ping_status":"closed","sticky":false,"template":"","format":"standard","meta":{"_kad_post_transparent":"","_kad_post_title":"","_kad_post_layout":"","_kad_post_sidebar_id":"","_kad_post_content_style":"","_kad_post_vertical_padding":"","_kad_post_feature":"","_kad_post_feature_position":"","_kad_post_header":false,"_kad_post_footer":false,"_kad_post_classname":"","footnotes":""},"categories":[102,112],"tags":[62,15,154],"class_list":["post-234401","post","type-post","status-publish","format-standard","hentry","category-102","category-avvento","tag-diocesi","tag-fede","tag-iniziative"],"_links":{"self":[{"href":"https:\/\/archivio.cercoiltuovolto.it\/index.php?rest_route=\/wp\/v2\/posts\/234401","targetHints":{"allow":["GET"]}}],"collection":[{"href":"https:\/\/archivio.cercoiltuovolto.it\/index.php?rest_route=\/wp\/v2\/posts"}],"about":[{"href":"https:\/\/archivio.cercoiltuovolto.it\/index.php?rest_route=\/wp\/v2\/types\/post"}],"author":[{"embeddable":true,"href":"https:\/\/archivio.cercoiltuovolto.it\/index.php?rest_route=\/wp\/v2\/users\/3"}],"replies":[{"embeddable":true,"href":"https:\/\/archivio.cercoiltuovolto.it\/index.php?rest_route=%2Fwp%2Fv2%2Fcomments&post=234401"}],"version-history":[{"count":0,"href":"https:\/\/archivio.cercoiltuovolto.it\/index.php?rest_route=\/wp\/v2\/posts\/234401\/revisions"}],"wp:attachment":[{"href":"https:\/\/archivio.cercoiltuovolto.it\/index.php?rest_route=%2Fwp%2Fv2%2Fmedia&parent=234401"}],"wp:term":[{"taxonomy":"category","embeddable":true,"href":"https:\/\/archivio.cercoiltuovolto.it\/index.php?rest_route=%2Fwp%2Fv2%2Fcategories&post=234401"},{"taxonomy":"post_tag","embeddable":true,"href":"https:\/\/archivio.cercoiltuovolto.it\/index.php?rest_route=%2Fwp%2Fv2%2Ftags&post=234401"}],"curies":[{"name":"wp","href":"https:\/\/api.w.org\/{rel}","templated":true}]}}