{"id":234378,"date":"2012-12-02T16:37:28","date_gmt":"2012-12-02T16:37:28","guid":{"rendered":"https:\/\/archivio.cercoiltuovolto.it\/?p=234378"},"modified":"2012-12-02T16:37:28","modified_gmt":"2012-12-02T16:37:28","slug":"benedetto-xvi-angelus-del-2-dicembre-2012-in-mp3","status":"publish","type":"post","link":"https:\/\/archivio.cercoiltuovolto.it\/?p=234378","title":{"rendered":"Benedetto XVI &#8211; Angelus del 2 dicembre 2012 in mp3"},"content":{"rendered":"<p style=\"text-align: center;\"><img loading=\"lazy\" decoding=\"async\" class=\"aligncenter size-full wp-image-25345\" title=\"angelus\" src=\"http:\/\/www.cercoiltuovolto.it\/wp-content\/uploads\/2012\/09\/angelus.jpg\" alt=\"\" width=\"670\" height=\"424\" \/><\/p>\n<p align=\"center\"><em><span style=\"color: #663300;\"><span style=\"font-size: large;\"><strong>ANGELUS<\/strong><\/span><strong><\/strong><\/span><\/em><\/p>\n<p align=\"center\"><span style=\"color: #663300;\"><em>Piazza San Pietro<br \/>I Domenica di Avvento, 2 dicembre 2012<\/em><\/span><\/p>\n<p><em>Cari fratelli e sorelle!<\/em><\/p>\n<p style=\"text-align: justify;\">Oggi la Chiesa inizia un nuovo Anno liturgico, un cammino che viene ulteriormente arricchito dall\u2019<em>Anno della fede<\/em>, a 50 anni dall\u2019apertura del Concilio Ecumenico Vaticano II. Il primo Tempo di questo itinerario \u00e8 l\u2019Avvento, formato, nel Rito Romano, dalle quattro settimane che precedono il Natale del Signore, cio\u00e8 il mistero dell\u2019Incarnazione. La parola \u00abavvento\u00bb significa \u00abvenuta\u00bb o \u00abpresenza\u00bb. Nel mondo antico indicava la visita del re o dell\u2019imperatore in una provincia; nel linguaggio cristiano \u00e8 riferita alla venuta di Dio, alla sua presenza nel mondo; un mistero che avvolge interamente il cosmo e la storia, ma che conosce due momenti culminanti: la prima e la seconda venuta di Ges\u00f9 Cristo. La prima \u00e8 proprio l\u2019Incarnazione; la seconda \u00e8 il ritorno glorioso alla fine dei tempi. Questi due momenti, che cronologicamente sono distanti \u2013 e non ci \u00e8 dato sapere quanto \u2013, in profondit\u00e0 si toccano, perch\u00e9 con la sua morte e risurrezione Ges\u00f9 ha gi\u00e0 realizzato quella trasformazione dell\u2019uomo e del cosmo che \u00e8 la meta finale della creazione. Ma prima della fine, \u00e8 necessario che il Vangelo sia proclamato a tutte le nazioni, dice Ges\u00f9 nel Vangelo di san Marco (cfr<em>Mc<\/em>\u00a013,10). La venuta del Signore continua, il mondo deve essere penetrato dalla sua presenza. E questa venuta permanente del Signore nell\u2019annuncio del Vangelo richiede continuamente la nostra collaborazione; e la Chiesa, che \u00e8 come la Fidanzata, la promessa Sposa dell\u2019Agnello di Dio crocifisso e risorto (cfr\u00a0<em>Ap<\/em>\u00a021,9), in comunione con il suo Signore collabora in questa venuta del Signore, nella quale gi\u00e0 comincia il suo ritorno glorioso.<\/p>\n<p style=\"text-align: justify;\">A questo ci richiama oggi la Parola di Dio, tracciando la linea di condotta da seguire per essere pronti alla venuta del Signore. Nel Vangelo di Luca, Ges\u00f9 dice ai discepoli: \u00abI vostri cuori non si appesantiscano in dissipazioni, ubriachezze e affanni della vita \u2026 vegliate in ogni momento pregando\u00bb (<em>Lc<\/em>\u00a021,34.36). Dunque, sobriet\u00e0 e preghiera. E l\u2019apostolo Paolo aggiunge l\u2019invito a \u00abcrescere e sovrabbondare nell\u2019amore\u00bb tra noi e verso tutti, per rendere saldi i nostri cuori e irreprensibili nella santit\u00e0 (cfr\u00a0<em>1 Ts<\/em>\u00a03,12-13). In mezzo agli sconvolgimenti del mondo, o ai deserti dell\u2019indifferenza e del materialismo, i cristiani accolgono da Dio la salvezza e la testimoniano con un diverso modo di vivere, come una citt\u00e0 posta sopra un monte. \u00abIn quei giorni \u2013 annuncia il profeta Geremia \u2013 Gerusalemme vivr\u00e0 tranquilla, e sar\u00e0 chiamata: Signore-nostra-giustizia\u00bb (33,16). La comunit\u00e0 dei credenti \u00e8 segno dell\u2019amore di Dio, della sua giustizia che \u00e8\u00a0<em>gi\u00e0<\/em>\u00a0presente e operante nella storia ma che\u00a0<em>non \u00e8 ancora<\/em>\u00a0pienamente realizzata, e pertanto va sempre attesa, invocata, ricercata con pazienza e coraggio.<\/p>\n<p style=\"text-align: justify;\">La Vergine Maria incarna perfettamente lo spirito dell\u2019Avvento, fatto di ascolto di Dio, di desiderio profondo di fare la sua volont\u00e0, di gioioso servizio al prossimo. Lasciamoci guidare da lei, perch\u00e9 il Dio che viene non ci trovi chiusi o distratti, ma possa, in ognuno di noi, estendere un po\u2019 il suo regno di amore, di giustizia e di pace.<\/p>\n<ul>\n<li><a href=\"http:\/\/www.vatican.va\/holy_father\/benedict_xvi\/angelus\/2012\/documents\/hf_ben-xvi_ang_20121202_it.html\">Leggi tutto il messaggio<\/a> <em>\u00a9 Copyright 2012 &#8211; Libreria Editrice Vaticana<\/em><\/li>\n<li><a href=\"http:\/\/player.rv.va\/vaticanplayer.asp?language=it&amp;tic=VA_8HAW36RK\" target=\"_blank\"><em>Link al Video<\/em><\/a><\/li>\n<\/ul>\n<p><img loading=\"lazy\" decoding=\"async\" class=\"alignnone size-full wp-image-25340\" style=\"margin-bottom: -35px;\" title=\"ascolta-il-podcast\" src=\"http:\/\/www.cercoiltuovolto.it\/wp-content\/uploads\/2012\/09\/ascolta-il-podcast.png\" alt=\"\" width=\"277\" height=\"77\" \/><\/p>\n<div class=\"powerpressbox\">[powerpress]<\/div>\n<p style=\"text-align: justify;\"><strong>Fonte<\/strong>: Radio Vaticana via FeedRss<\/p>\n<p style=\"text-align: justify;\"><span style=\"font-size: xx-small;\"><em>(The content of this podcast is copyrighted by Vatican Radio which, according to its statute, is entrusted to manage and protect the sound recordings of the Roman Pontiff, ensuring that their pastoral character and intellectual property&#8217;s rights are protected when used by third parties. The content of this podcast is made available only for personal and private use and cannot be exploited for commercial purposes, without prior written authorization by Vatican Radio. For further information, please contact the International Relation Office at relint@vatiradio.va)<\/em><\/span><\/p>\n","protected":false},"excerpt":{"rendered":"<p>ANGELUS Piazza San PietroI Domenica di Avvento, 2 dicembre 2012 Cari fratelli e sorelle! Oggi la Chiesa inizia un nuovo Anno liturgico, un cammino che viene ulteriormente arricchito dall\u2019Anno della fede, a 50 anni dall\u2019apertura del Concilio Ecumenico Vaticano II. Il primo Tempo di questo itinerario \u00e8 l\u2019Avvento, formato, nel Rito Romano, dalle quattro settimane&#8230;<\/p>\n","protected":false},"author":3,"featured_media":0,"comment_status":"closed","ping_status":"closed","sticky":false,"template":"","format":"standard","meta":{"_kad_post_transparent":"","_kad_post_title":"","_kad_post_layout":"","_kad_post_sidebar_id":"","_kad_post_content_style":"","_kad_post_vertical_padding":"","_kad_post_feature":"","_kad_post_feature_position":"","_kad_post_header":false,"_kad_post_footer":false,"_kad_post_classname":"","footnotes":""},"categories":[102,114],"tags":[96,73,9],"class_list":["post-234378","post","type-post","status-publish","format-standard","hentry","category-102","category-angelus","tag-avvento","tag-benedetto-xvi","tag-vaticano"],"_links":{"self":[{"href":"https:\/\/archivio.cercoiltuovolto.it\/index.php?rest_route=\/wp\/v2\/posts\/234378","targetHints":{"allow":["GET"]}}],"collection":[{"href":"https:\/\/archivio.cercoiltuovolto.it\/index.php?rest_route=\/wp\/v2\/posts"}],"about":[{"href":"https:\/\/archivio.cercoiltuovolto.it\/index.php?rest_route=\/wp\/v2\/types\/post"}],"author":[{"embeddable":true,"href":"https:\/\/archivio.cercoiltuovolto.it\/index.php?rest_route=\/wp\/v2\/users\/3"}],"replies":[{"embeddable":true,"href":"https:\/\/archivio.cercoiltuovolto.it\/index.php?rest_route=%2Fwp%2Fv2%2Fcomments&post=234378"}],"version-history":[{"count":0,"href":"https:\/\/archivio.cercoiltuovolto.it\/index.php?rest_route=\/wp\/v2\/posts\/234378\/revisions"}],"wp:attachment":[{"href":"https:\/\/archivio.cercoiltuovolto.it\/index.php?rest_route=%2Fwp%2Fv2%2Fmedia&parent=234378"}],"wp:term":[{"taxonomy":"category","embeddable":true,"href":"https:\/\/archivio.cercoiltuovolto.it\/index.php?rest_route=%2Fwp%2Fv2%2Fcategories&post=234378"},{"taxonomy":"post_tag","embeddable":true,"href":"https:\/\/archivio.cercoiltuovolto.it\/index.php?rest_route=%2Fwp%2Fv2%2Ftags&post=234378"}],"curies":[{"name":"wp","href":"https:\/\/api.w.org\/{rel}","templated":true}]}}