{"id":234377,"date":"2012-12-02T12:09:40","date_gmt":"2012-12-02T12:09:40","guid":{"rendered":"https:\/\/archivio.cercoiltuovolto.it\/?p=234377"},"modified":"2012-12-02T12:09:40","modified_gmt":"2012-12-02T12:09:40","slug":"benedetto-xvi-omelia-dei-primi-vespri-di-avvento-2012-in-mp3","status":"publish","type":"post","link":"https:\/\/archivio.cercoiltuovolto.it\/?p=234377","title":{"rendered":"Benedetto XVI &#8211; Omelia dei primi vespri di Avvento 2012 in mp3"},"content":{"rendered":"<blockquote>\n<p align=\"center\"><span style=\"font-family: TmsRmn;\"><span style=\"color: #663300;\">I DOMENICA DI AVVENTO<\/span><\/span><\/p>\n<p align=\"center\"><span style=\"font-family: TmsRmn;\"><strong><span style=\"color: #663300;\">PRIMI VESPRI<br \/>PRESIEDUTI DAL SANTO PADRE<br \/>BENEDETTO XVI<\/span><\/strong><\/span><\/p>\n<p align=\"center\"><span style=\"font-family: TmsRmn;\"><span style=\"color: #663300;\">INCONTRO CON GLI UNIVERSITARI DEGLI ATENEI ROMANI<br \/>E DELLE UNIVERSIT<\/span><\/span><span style=\"font-family: 'Times New Roman';\"><span style=\"color: #663300;\">\u00c0 PONTIFICIE<\/span><\/span><\/p>\n<p align=\"center\"><strong><em><span style=\"color: #663300; font-size: large;\">OMELIA<\/span><\/em><\/strong><\/p>\n<p align=\"center\"><span style=\"color: #663300;\"><em>Basilica Vaticana<\/em><\/span><br \/><em><span style=\"color: #663300;\">Sabato, 1\u00b0 dicembre 2012<\/span><\/em>\u00a0<\/p>\n<p><em>\u00abColui che vi chiama \u00e8 fedele\u00bb (1 Ts\u00a05,24).<\/em><\/p>\n<p style=\"text-align: justify;\"><em>Cari amici universitari<\/em>,<\/p>\n<p style=\"text-align: justify;\">le parole dell\u2019Apostolo Paolo ci guidano a cogliere il vero significato dell\u2019Anno liturgico, che questa sera iniziamo insieme con la recita dei Primi Vespri di Avvento. L\u2019intero cammino dell\u2019anno della Chiesa \u00e8 orientato a scoprire e a vivere la fedelt\u00e0 del Dio di Ges\u00f9 Cristo che nella grotta di Betlemme si presenter\u00e0 a noi, ancora una volta, nel volto di un bambino. Tutta la storia della salvezza \u00e8 un percorso di amore, di misericordia e di benevolenza: dalla creazione alla liberazione del popolo di Israele dalla schiavit\u00f9 d\u2019Egitto, dal dono della Legge sul Sinai al ritorno in patria dalla schiavit\u00f9 babilonese. Il Dio di Abramo, di Isacco, di Giacobbe \u00e8 stato sempre il Dio vicino, che non ha mai abbandonato il suo popolo. Pi\u00f9 volte ne ha subito con tristezza l\u2019infedelt\u00e0 e atteso con pazienza il ritorno, sempre nella libert\u00e0 di un amore che precede e sostiene l\u2019amato, attento alla sua dignit\u00e0 e alle sue attese pi\u00f9 profonde.<\/p>\n<p style=\"text-align: left;\"><em>[&#8230;]<\/em><\/p>\n<ul>\n<li><a href=\"http:\/\/www.vatican.va\/holy_father\/benedict_xvi\/homilies\/2012\/documents\/hf_ben-xvi_hom_20121201_vespri-avvento_it.html\">Leggi tutta l&#8217;Omelia<\/a> <em>\u00a9 Copyright 2012 &#8211; Libreria Editrice Vaticana<\/em><\/li>\n<li><a href=\"http:\/\/player.rv.va\/vaticanplayer.asp?language=it&amp;tic=VA_W96A4GIC\" target=\"_blank\"><em>Link al Video<\/em><\/a><\/li>\n<\/ul>\n<\/blockquote>\n<p><img loading=\"lazy\" decoding=\"async\" class=\"alignnone size-full wp-image-25340\" style=\"margin-bottom: -35px;\" title=\"ascolta-il-podcast\" src=\"http:\/\/www.cercoiltuovolto.it\/wp-content\/uploads\/2012\/09\/ascolta-il-podcast.png\" alt=\"\" width=\"277\" height=\"77\" \/><\/p>\n<div class=\"powerpressbox\">[powerpress]<\/div>\n<p style=\"text-align: justify;\"><strong>Fonte<\/strong>: Radio Vaticana via FeedRss<\/p>\n<p style=\"text-align: justify;\"><span style=\"font-size: xx-small;\"><em>(The content of this podcast is copyrighted by Vatican Radio which, according to its statute, is entrusted to manage and protect the sound recordings of the Roman Pontiff, ensuring that their pastoral character and intellectual property&#8217;s rights are protected when used by third parties. The content of this podcast is made available only for personal and private use and cannot be exploited for commercial purposes, without prior written authorization by Vatican Radio. For further information, please contact the International Relation Office at relint@vatiradio.va)<\/em><\/span><\/p>\n","protected":false},"excerpt":{"rendered":"<p>I DOMENICA DI AVVENTO PRIMI VESPRIPRESIEDUTI DAL SANTO PADREBENEDETTO XVI INCONTRO CON GLI UNIVERSITARI DEGLI ATENEI ROMANIE DELLE UNIVERSIT\u00c0 PONTIFICIE OMELIA Basilica VaticanaSabato, 1\u00b0 dicembre 2012\u00a0 \u00abColui che vi chiama \u00e8 fedele\u00bb (1 Ts\u00a05,24). Cari amici universitari, le parole dell\u2019Apostolo Paolo ci guidano a cogliere il vero significato dell\u2019Anno liturgico, che questa sera iniziamo insieme&#8230;<\/p>\n","protected":false},"author":3,"featured_media":0,"comment_status":"closed","ping_status":"closed","sticky":false,"template":"","format":"standard","meta":{"_kad_post_transparent":"","_kad_post_title":"","_kad_post_layout":"","_kad_post_sidebar_id":"","_kad_post_content_style":"","_kad_post_vertical_padding":"","_kad_post_feature":"","_kad_post_feature_position":"","_kad_post_header":false,"_kad_post_footer":false,"_kad_post_classname":"","footnotes":""},"categories":[102,112],"tags":[73,29,9],"class_list":["post-234377","post","type-post","status-publish","format-standard","hentry","category-102","category-avvento","tag-benedetto-xvi","tag-omelie","tag-vaticano"],"_links":{"self":[{"href":"https:\/\/archivio.cercoiltuovolto.it\/index.php?rest_route=\/wp\/v2\/posts\/234377","targetHints":{"allow":["GET"]}}],"collection":[{"href":"https:\/\/archivio.cercoiltuovolto.it\/index.php?rest_route=\/wp\/v2\/posts"}],"about":[{"href":"https:\/\/archivio.cercoiltuovolto.it\/index.php?rest_route=\/wp\/v2\/types\/post"}],"author":[{"embeddable":true,"href":"https:\/\/archivio.cercoiltuovolto.it\/index.php?rest_route=\/wp\/v2\/users\/3"}],"replies":[{"embeddable":true,"href":"https:\/\/archivio.cercoiltuovolto.it\/index.php?rest_route=%2Fwp%2Fv2%2Fcomments&post=234377"}],"version-history":[{"count":0,"href":"https:\/\/archivio.cercoiltuovolto.it\/index.php?rest_route=\/wp\/v2\/posts\/234377\/revisions"}],"wp:attachment":[{"href":"https:\/\/archivio.cercoiltuovolto.it\/index.php?rest_route=%2Fwp%2Fv2%2Fmedia&parent=234377"}],"wp:term":[{"taxonomy":"category","embeddable":true,"href":"https:\/\/archivio.cercoiltuovolto.it\/index.php?rest_route=%2Fwp%2Fv2%2Fcategories&post=234377"},{"taxonomy":"post_tag","embeddable":true,"href":"https:\/\/archivio.cercoiltuovolto.it\/index.php?rest_route=%2Fwp%2Fv2%2Ftags&post=234377"}],"curies":[{"name":"wp","href":"https:\/\/api.w.org\/{rel}","templated":true}]}}