{"id":234343,"date":"2012-11-27T21:36:59","date_gmt":"2012-11-27T21:36:59","guid":{"rendered":"https:\/\/archivio.cercoiltuovolto.it\/?p=234343"},"modified":"2012-11-27T21:36:59","modified_gmt":"2012-11-27T21:36:59","slug":"commento-al-vangelo-del-2-dicembre-2012-don-mauro-pozzi","status":"publish","type":"post","link":"https:\/\/archivio.cercoiltuovolto.it\/?p=234343","title":{"rendered":"Commento al Vangelo del 2 dicembre 2012 &#8211; don Mauro Pozzi"},"content":{"rendered":"<p style=\"text-align: justify;\">Il commento al Vangelo della domenica a cura di don Mauro Pozzi parroco della Parrocchia S. Giovanni Battista, Novara.<\/p>\n<p style=\"text-align: center;\">\n<div class=\"entry-content-asset videofit\"><iframe loading=\"lazy\" title=\"Futuro e liberazione\" width=\"720\" height=\"540\" src=\"https:\/\/www.youtube.com\/embed\/ykWqhB6Y9Q8?feature=oembed\" frameborder=\"0\" allow=\"accelerometer; autoplay; clipboard-write; encrypted-media; gyroscope; picture-in-picture; web-share\" referrerpolicy=\"strict-origin-when-cross-origin\" allowfullscreen><\/iframe><\/div>\n<\/p>\n<blockquote>\n<h4 style=\"text-align: justify;\">L\u2019ATTESA<\/h4>\n<p style=\"text-align: justify;\">Dopo aver celebrato Cristo Re, la festa che chiude l\u2019anno liturgico, il nuovo ciclo si apre con l\u2019Avvento, che \u00e8 il tempo dell\u2019attesa del Messia. In queste prime domeniche la nostra attenzione \u00e8 focalizzata sulla seconda venuta di Ges\u00f9, quella che segner\u00e0 la fine del mondo e il giudizio dei vivi e dei morti. Sar\u00e0 un avvenimento terribile e meraviglioso allo stesso tempo. Come in un parto la gioia del Regno sar\u00e0 preceduta dalla tribolazione della fine del mondo e del giudizio. Il profeta Geremia nella prima lettura ci descrive il futuro messianico caratterizzato dalla pace e dall\u2019adempimento delle promesse, ma dobbiamo ancora arrivarci. Siamo ancora prigionieri del tempo. Ogni giorno il sole sorge e tramonta e non possiamo farci niente. Il nostro corpo cresce e invecchia, \u00e8 sano o malato e non ci chiede il permesso. I nostri desideri e bisogni scandiscono il succedersi della giornata finch\u00e9 il sonno non ci costringe a fermarci per ricominciare al risveglio. Il futuro \u00e8 sempre fonte di preoccupazione: sulla terra angoscia di popoli in ansia per il fragore del mare e dei flutti, mentre gli uomini moriranno per la paura e per l&#8217;attesa di ci\u00f2 che dovr\u00e0 accadere sulla terra. Molti cercano di esorcizzare tutto questo occupando la mente con il lavoro, con il divertimento, con qualche droga, con qualsiasi cosa che leghi al presente. Il nostro mondo \u00e8 schiavo del presente, fa finta di essere immortale, perch\u00e9 ha paura del futuro. \u00c8 angosciante, ma non definitivo. Alza la testa, ci dice il Maestro, la tua liberazione \u00e8 vicina. Ecco chi aspettiamo, il liberatore. Il tempo dell\u2019avvento ci aiuta a pensare al nostro futuro non come ad una condanna, ma come ad una liberazione. Non \u00e8 il succedersi di giorni tutti uguali, ma \u00e8 la speranza di un\u2019attesa, di un incontro. Per questo Ges\u00f9 ci invita alla vigilanza. Non vuol dire consumarsi nell\u2019inquietudine, ma vivere il vangelo. \u00c8 quello che San Paolo scrive ai Tessalonicesi: fratelli, il Signore vi faccia crescere e sovrabbondare nell&#8217;amore fra voi e verso tutti. Essere vigilanti significa dunque anticipare la pace del Regno vivendo gi\u00e0 ora in armonia. Ecco il criterio per vivere bene il presente e per realizzare la felicit\u00e0. Nessuno di noi pu\u00f2 vivere da solo. Abbiamo bisogno gli uni degli altri. Se siamo animati dal desiderio di fare del bene al prossimo, allora ogni singolo atto \u00e8 un\u2019occasione di essere rispettosi e servizievoli. Questo \u00e8 il paradiso, cio\u00e8 una societ\u00e0 fondata sull\u2019amore. Il Signore lo si incontra nel prossimo. Amando gli altri non temiamo il suo arrivo improvviso perch\u00e9 di fatto \u00e8 gi\u00e0 con noi.<\/p>\n<\/blockquote>\n<p class=\"link\"><a href=\"http:\/\/www.youtube.com\/watch?v=ykWqhB6Y9Q8\" target=\"_blank\">Link al video<\/a><\/p>\n<p><strong>Lc 21,25-28,34-36<\/strong><\/p>\n<p style=\"text-align: justify;\">In quel tempo, Ges\u00f9 disse ai suoi discepoli: \u00abVi saranno segni nel sole, nella luna e nelle stelle, e sulla terra angoscia di popoli in ansia per il fragore del mare e dei flutti, mentre gli uomini moriranno per la paura e per l&#8217;attesa di ci\u00f2 che dovr\u00e0 accadere sulla terra. Le potenze dei cieli infatti saranno sconvolte. Allora vedranno il Figlio dell&#8217;uomo venire su una nube con grande potenza e gloria. Quando cominceranno ad accadere queste cose, risollevatevi e alzate il capo, perch\u00e9 la vostra liberazione \u00e8 vicina. State attenti a voi stessi, che i vostri cuori non si appesantiscano in dissipazioni, ubriachezze e affanni della vita e che quel giorno non vi piombi addosso all&#8217;improvviso; come un laccio infatti esso si abbatter\u00e0 sopra tutti coloro che abitano sulla faccia di tutta la terra. Vegliate in ogni momento pregando, perch\u00e9 abbiate la forza di sfuggire a tutto ci\u00f2 che sta per accadere, e di comparire davanti al Figlio dell&#8217;uomo\u00bb.<\/p>\n","protected":false},"excerpt":{"rendered":"<p>Il commento al Vangelo della domenica a cura di don Mauro Pozzi parroco della Parrocchia S. Giovanni Battista, Novara.<\/p>\n","protected":false},"author":3,"featured_media":0,"comment_status":"closed","ping_status":"closed","sticky":false,"template":"","format":"standard","meta":{"_kad_post_transparent":"","_kad_post_title":"","_kad_post_layout":"","_kad_post_sidebar_id":"","_kad_post_content_style":"","_kad_post_vertical_padding":"","_kad_post_feature":"","_kad_post_feature_position":"","_kad_post_header":false,"_kad_post_footer":false,"_kad_post_classname":"","footnotes":""},"categories":[102,112],"tags":[5,388,172],"class_list":["post-234343","post","type-post","status-publish","format-standard","hentry","category-102","category-avvento","tag-commento-al-vangelo","tag-don-mauro-pozzi","tag-vangelo-della-domenica"],"_links":{"self":[{"href":"https:\/\/archivio.cercoiltuovolto.it\/index.php?rest_route=\/wp\/v2\/posts\/234343","targetHints":{"allow":["GET"]}}],"collection":[{"href":"https:\/\/archivio.cercoiltuovolto.it\/index.php?rest_route=\/wp\/v2\/posts"}],"about":[{"href":"https:\/\/archivio.cercoiltuovolto.it\/index.php?rest_route=\/wp\/v2\/types\/post"}],"author":[{"embeddable":true,"href":"https:\/\/archivio.cercoiltuovolto.it\/index.php?rest_route=\/wp\/v2\/users\/3"}],"replies":[{"embeddable":true,"href":"https:\/\/archivio.cercoiltuovolto.it\/index.php?rest_route=%2Fwp%2Fv2%2Fcomments&post=234343"}],"version-history":[{"count":0,"href":"https:\/\/archivio.cercoiltuovolto.it\/index.php?rest_route=\/wp\/v2\/posts\/234343\/revisions"}],"wp:attachment":[{"href":"https:\/\/archivio.cercoiltuovolto.it\/index.php?rest_route=%2Fwp%2Fv2%2Fmedia&parent=234343"}],"wp:term":[{"taxonomy":"category","embeddable":true,"href":"https:\/\/archivio.cercoiltuovolto.it\/index.php?rest_route=%2Fwp%2Fv2%2Fcategories&post=234343"},{"taxonomy":"post_tag","embeddable":true,"href":"https:\/\/archivio.cercoiltuovolto.it\/index.php?rest_route=%2Fwp%2Fv2%2Ftags&post=234343"}],"curies":[{"name":"wp","href":"https:\/\/api.w.org\/{rel}","templated":true}]}}