{"id":234283,"date":"2012-11-19T06:29:49","date_gmt":"2012-11-19T06:29:49","guid":{"rendered":"https:\/\/archivio.cercoiltuovolto.it\/?p=234283"},"modified":"2012-11-19T06:29:49","modified_gmt":"2012-11-19T06:29:49","slug":"benedetto-xvi-angelus-del-18-novembre-2012-in-mp3","status":"publish","type":"post","link":"https:\/\/archivio.cercoiltuovolto.it\/?p=234283","title":{"rendered":"Benedetto XVI &#8211; Angelus del 18 novembre 2012 in mp3"},"content":{"rendered":"<blockquote>\n<p><em>Cari fratelli e sorelle!<\/em><\/p>\n<p style=\"text-align: justify;\">In questa penultima domenica dell\u2019anno liturgico, viene proclamata, nella redazione di San Marco, una parte del discorso di Ges\u00f9 sugli ultimi tempi (cfr\u00a0<em>Mc<\/em>\u00a013,24-32). Questo discorso si trova, con alcune varianti, anche in Matteo e Luca, ed \u00e8 probabilmente il testo pi\u00f9 difficile dei Vangeli. Tale difficolt\u00e0 deriva sia dal contenuto sia dal linguaggio: si parla infatti di un avvenire che supera le nostre categorie, e per questo Ges\u00f9 utilizza immagini e parole riprese dall\u2019Antico Testamento, ma soprattutto inserisce un nuovo centro, che \u00e8 Lui stesso, il mistero della sua persona e della sua morte e risurrezione. Anche il brano odierno si apre con alcune immagini cosmiche di genere apocalittico: \u00abIl sole si oscurer\u00e0, la luna non dar\u00e0 pi\u00f9 la sua luce, le stelle cadranno dal cielo e le potenze che sono nei cieli verranno sconvolte\u00bb (v. 24-25); ma questo elemento viene relativizzato da ci\u00f2 che segue: \u00abAllora vedranno il Figlio dell\u2019uomo venire sulle nubi del cielo con grande potenza e gloria\u00bb (v. 26). Il \u00abFiglio dell\u2019uomo\u00bb \u00e8 Ges\u00f9 stesso, che collega il presente\u00a0 e il futuro; le antiche parole dei profeti hanno trovato finalmente un centro nella persona del Messia nazareno: \u00e8 Lui il vero avvenimento che, in mezzo agli sconvolgimenti del mondo, rimane il punto fermo e stabile.<\/p>\n<p style=\"text-align: justify;\">A conferma di questo sta un\u2019altra espressione del Vangelo di oggi. Ges\u00f9 afferma: \u00abIl cielo e la terra passeranno, ma le mie parole non passeranno\u00bb (v. 31). In effetti, sappiamo che nella Bibbia la Parola di Dio \u00e8 all\u2019origine della creazione: tutte le creature, a partire dagli elementi cosmici \u2013 sole, luna, firmamento \u2013 obbediscono alla Parola di Dio, esistono in quanto \u00abchiamati\u00bb da essa. Questa potenza creatrice della Parola divina si \u00e8 concentrata in Ges\u00f9 Cristo, Verbo fatto carne, e passa anche attraverso le sue parole umane, che sono il vero \u00abfirmamento\u00bb che orienta il pensiero e il cammino dell\u2019uomo sulla terra. Per questo Ges\u00f9 non descrive la fine del mondo, e quando usa immagini apocalittiche, non si comporta come un \u00abveggente\u00bb. Al contrario, Egli vuole sottrarre i suoi discepoli di ogni epoca alla curiosit\u00e0 per le date, le previsioni, e vuole invece dare loro una chiave di lettura profonda, essenziale, e soprattutto indicare la via giusta su cui camminare, oggi e domani, per entrare nella vita eterna. Tutto passa \u2013 ci ricorda il Signore \u2013, ma la Parola di Dio non muta, e di fronte ad essa ciascuno di noi \u00e8 responsabile del proprio comportamento. In base a questo saremo giudicati.<\/p>\n<p style=\"text-align: justify;\">Cari amici, anche nei nostri tempi non mancano calamit\u00e0 naturali, e purtroppo nemmeno guerre e violenze. Anche oggi abbiamo bisogno di un fondamento stabile per la nostra vita e la nostra speranza, tanto pi\u00f9 a causa del relativismo in cui siamo immersi. La Vergine Maria ci aiuti ad accogliere questo centro nella Persona di Cristo e nella sua Parola.<\/p>\n<ul>\n<li><a href=\"http:\/\/www.vatican.va\/holy_father\/benedict_xvi\/angelus\/2012\/documents\/hf_ben-xvi_ang_20121118_it.html\">Leggi tutto il messaggio<\/a> <em>\u00a9 Copyright 2012 &#8211; Libreria Editrice Vaticana<\/em><\/li>\n<li><a href=\"http:\/\/player.rv.va\/vaticanplayer.asp?language=it&amp;tic=VA_J9T4M3J8\" target=\"_blank\"><em>Link al Video<\/em><\/a><\/li>\n<\/ul>\n<\/blockquote>\n<p><img loading=\"lazy\" decoding=\"async\" class=\"alignnone size-full wp-image-25340\" style=\"margin-bottom: -35px;\" title=\"ascolta-il-podcast\" src=\"http:\/\/www.cercoiltuovolto.it\/wp-content\/uploads\/2012\/09\/ascolta-il-podcast.png\" alt=\"\" width=\"277\" height=\"77\" \/><\/p>\n<div class=\"powerpressbox\">[powerpress]<\/div>\n<p style=\"text-align: justify;\"><strong>Fonte<\/strong>: Radio Vaticana via FeedRss<\/p>\n<p style=\"text-align: justify;\"><span style=\"font-size: xx-small;\"><em>(The content of this podcast is copyrighted by Vatican Radio which, according to its statute, is entrusted to manage and protect the sound recordings of the Roman Pontiff, ensuring that their pastoral character and intellectual property&#8217;s rights are protected when used by third parties. The content of this podcast is made available only for personal and private use and cannot be exploited for commercial purposes, without prior written authorization by Vatican Radio. For further information, please contact the International Relation Office at relint@vatiradio.va)<\/em><\/span><\/p>\n","protected":false},"excerpt":{"rendered":"<p>Cari fratelli e sorelle! In questa penultima domenica dell\u2019anno liturgico, viene proclamata, nella redazione di San Marco, una parte del discorso di Ges\u00f9 sugli ultimi tempi (cfr\u00a0Mc\u00a013,24-32). Questo discorso si trova, con alcune varianti, anche in Matteo e Luca, ed \u00e8 probabilmente il testo pi\u00f9 difficile dei Vangeli. Tale difficolt\u00e0 deriva sia dal contenuto sia&#8230;<\/p>\n","protected":false},"author":3,"featured_media":0,"comment_status":"closed","ping_status":"closed","sticky":false,"template":"","format":"standard","meta":{"_kad_post_transparent":"","_kad_post_title":"","_kad_post_layout":"","_kad_post_sidebar_id":"","_kad_post_content_style":"","_kad_post_vertical_padding":"","_kad_post_feature":"","_kad_post_feature_position":"","_kad_post_header":false,"_kad_post_footer":false,"_kad_post_classname":"","footnotes":""},"categories":[102,114],"tags":[73,9],"class_list":["post-234283","post","type-post","status-publish","format-standard","hentry","category-102","category-angelus","tag-benedetto-xvi","tag-vaticano"],"_links":{"self":[{"href":"https:\/\/archivio.cercoiltuovolto.it\/index.php?rest_route=\/wp\/v2\/posts\/234283","targetHints":{"allow":["GET"]}}],"collection":[{"href":"https:\/\/archivio.cercoiltuovolto.it\/index.php?rest_route=\/wp\/v2\/posts"}],"about":[{"href":"https:\/\/archivio.cercoiltuovolto.it\/index.php?rest_route=\/wp\/v2\/types\/post"}],"author":[{"embeddable":true,"href":"https:\/\/archivio.cercoiltuovolto.it\/index.php?rest_route=\/wp\/v2\/users\/3"}],"replies":[{"embeddable":true,"href":"https:\/\/archivio.cercoiltuovolto.it\/index.php?rest_route=%2Fwp%2Fv2%2Fcomments&post=234283"}],"version-history":[{"count":0,"href":"https:\/\/archivio.cercoiltuovolto.it\/index.php?rest_route=\/wp\/v2\/posts\/234283\/revisions"}],"wp:attachment":[{"href":"https:\/\/archivio.cercoiltuovolto.it\/index.php?rest_route=%2Fwp%2Fv2%2Fmedia&parent=234283"}],"wp:term":[{"taxonomy":"category","embeddable":true,"href":"https:\/\/archivio.cercoiltuovolto.it\/index.php?rest_route=%2Fwp%2Fv2%2Fcategories&post=234283"},{"taxonomy":"post_tag","embeddable":true,"href":"https:\/\/archivio.cercoiltuovolto.it\/index.php?rest_route=%2Fwp%2Fv2%2Ftags&post=234283"}],"curies":[{"name":"wp","href":"https:\/\/api.w.org\/{rel}","templated":true}]}}