{"id":234267,"date":"2012-11-14T06:18:37","date_gmt":"2012-11-14T06:18:37","guid":{"rendered":"https:\/\/archivio.cercoiltuovolto.it\/?p=234267"},"modified":"2012-11-14T06:18:37","modified_gmt":"2012-11-14T06:18:37","slug":"commento-al-vangelo-di-domenica-18-ottobre-2012-don-giorgio-zevini","status":"publish","type":"post","link":"https:\/\/archivio.cercoiltuovolto.it\/?p=234267","title":{"rendered":"Commento al Vangelo di domenica 18 ottobre 2012 &#8211; don Giorgio Zevini"},"content":{"rendered":"<p style=\"text-align: center;\"><img loading=\"lazy\" decoding=\"async\" class=\"aligncenter\" style=\"border: 0pt none;\" title=\"don Giorgio Zevini\" src=\"http:\/\/www.cercoiltuovolto.it\/\/wp-content\/uploads\/2010\/11\/zevini.png\" alt=\"\" width=\"475\" height=\"150\" \/><\/p>\n<blockquote>\n<div><em><strong>Mc 13,24-32<\/strong><\/em><\/div>\n<div><em><strong>Il Figlio dell\u2019uomo raduner\u00e0 i suoi eletti dai quattro venti.<\/strong><\/em><\/div>\n<div>\u00a0<\/div>\n<div>In quel tempo, Ges\u00f9 disse ai suoi discepoli:<\/div>\n<div>\u00abIn quei giorni, dopo quella tribolazione, il sole si oscurer\u00e0, la luna non dar\u00e0 pi\u00f9 la sua luce, le stelle cadranno dal cielo e le potenze che sono nei cieli saranno sconvolte.<\/div>\n<div>Allora vedranno il Figlio dell\u2019uomo venire sulle nubi con grande potenza e gloria. Egli mander\u00e0 gli angeli e raduner\u00e0 i suoi eletti dai quattro venti, dall\u2019estremit\u00e0 della terra fino all\u2019estremit\u00e0 del cielo.<\/div>\n<div>Dalla pianta di fico imparate la parabola: quando ormai il suo ramo diventa tenero e spuntano le foglie, sapete che l\u2019estate \u00e8 vicina. Cos\u00ec anche voi: quando vedrete accadere queste cose, sappiate che egli \u00e8 vicino, \u00e8 alle porte.<\/div>\n<div>In verit\u00e0 io vi dico: non passer\u00e0 questa generazione prima che tutto questo avvenga. Il cielo e la terra passeranno, ma le mie parole non passeranno.<\/div>\n<p>Quanto per\u00f2 a quel giorno o a quell\u2019ora, nessuno lo sa, n\u00e9 gli angeli nel cielo n\u00e9 il Figlio, eccetto il Padre\u00bb.<\/p>\n<\/blockquote>\n<p style=\"text-align: center;\"><!--<![endif]--><!--[if !IE]>--><\/object><!--<![endif]--><\/object><\/p>\n<p class=\"link\">Fonte: <a href=\"http:\/\/www.cantonuovo.eu\/?p=39900\">Canto Nuovo<\/a><\/p>\n","protected":false},"excerpt":{"rendered":"<p>Mc 13,24-32 Il Figlio dell\u2019uomo raduner\u00e0 i suoi eletti dai quattro venti. \u00a0 In quel tempo, Ges\u00f9 disse ai suoi discepoli: \u00abIn quei giorni, dopo quella tribolazione, il sole si oscurer\u00e0, la luna non dar\u00e0 pi\u00f9 la sua luce, le stelle cadranno dal cielo e le potenze che sono nei cieli saranno sconvolte. Allora vedranno&#8230;<\/p>\n","protected":false},"author":3,"featured_media":0,"comment_status":"closed","ping_status":"closed","sticky":false,"template":"","format":"standard","meta":{"_kad_post_transparent":"","_kad_post_title":"","_kad_post_layout":"","_kad_post_sidebar_id":"","_kad_post_content_style":"","_kad_post_vertical_padding":"","_kad_post_feature":"","_kad_post_feature_position":"","_kad_post_header":false,"_kad_post_footer":false,"_kad_post_classname":"","footnotes":""},"categories":[102,147],"tags":[172],"class_list":["post-234267","post","type-post","status-publish","format-standard","hentry","category-102","category-commento-al-vangelo","tag-vangelo-della-domenica"],"_links":{"self":[{"href":"https:\/\/archivio.cercoiltuovolto.it\/index.php?rest_route=\/wp\/v2\/posts\/234267","targetHints":{"allow":["GET"]}}],"collection":[{"href":"https:\/\/archivio.cercoiltuovolto.it\/index.php?rest_route=\/wp\/v2\/posts"}],"about":[{"href":"https:\/\/archivio.cercoiltuovolto.it\/index.php?rest_route=\/wp\/v2\/types\/post"}],"author":[{"embeddable":true,"href":"https:\/\/archivio.cercoiltuovolto.it\/index.php?rest_route=\/wp\/v2\/users\/3"}],"replies":[{"embeddable":true,"href":"https:\/\/archivio.cercoiltuovolto.it\/index.php?rest_route=%2Fwp%2Fv2%2Fcomments&post=234267"}],"version-history":[{"count":0,"href":"https:\/\/archivio.cercoiltuovolto.it\/index.php?rest_route=\/wp\/v2\/posts\/234267\/revisions"}],"wp:attachment":[{"href":"https:\/\/archivio.cercoiltuovolto.it\/index.php?rest_route=%2Fwp%2Fv2%2Fmedia&parent=234267"}],"wp:term":[{"taxonomy":"category","embeddable":true,"href":"https:\/\/archivio.cercoiltuovolto.it\/index.php?rest_route=%2Fwp%2Fv2%2Fcategories&post=234267"},{"taxonomy":"post_tag","embeddable":true,"href":"https:\/\/archivio.cercoiltuovolto.it\/index.php?rest_route=%2Fwp%2Fv2%2Ftags&post=234267"}],"curies":[{"name":"wp","href":"https:\/\/api.w.org\/{rel}","templated":true}]}}