{"id":234264,"date":"2012-11-14T06:50:53","date_gmt":"2012-11-14T06:50:53","guid":{"rendered":"https:\/\/archivio.cercoiltuovolto.it\/?p=234264"},"modified":"2012-11-14T06:50:53","modified_gmt":"2012-11-14T06:50:53","slug":"le-feste-scippate-riscoprire-il-senso-cristiano-delle-festivita","status":"publish","type":"post","link":"https:\/\/archivio.cercoiltuovolto.it\/?p=234264","title":{"rendered":"Le feste scippate &#8211; Riscoprire il senso cristiano delle festivit\u00e0"},"content":{"rendered":"<p style=\"text-align: justify;\"><a href=\"http:\/\/www.cercoiltuovolto.it\/wp-content\/uploads\/2012\/11\/Le-feste-scippate-Riscoprire-il-senso-cristiano-delle-festivit\u00e0.jpg\"><img loading=\"lazy\" decoding=\"async\" class=\"alignleft size-thumbnail wp-image-26369\" title=\"Le feste scippate - Riscoprire il senso cristiano delle festivit\u00e0\" src=\"http:\/\/www.cercoiltuovolto.it\/wp-content\/uploads\/2012\/11\/Le-feste-scippate-Riscoprire-il-senso-cristiano-delle-festivit\u00e0-89x130.jpg\" alt=\"\" width=\"89\" height=\"130\" \/><\/a>Che cosa sta succedendo alle feste cristiane? Sotto l&#8217;incalzare del consumismo, il 25 dicembre sembra ormai diventato il compleanno di Babbo Natale, anzich\u00e9 di Ges\u00f9, Pasqua viene scambiata per una generica festa della primavera, l&#8217;Assunta \u00e8 quasi completamente assorbita nel solleone del Ferragosto e i Santi rischiano di essere dimenticati per l&#8217;invadente avanzata di Halloween. Si ha l&#8217;impressione che sia in atto un tentativo di &#8220;scippo&#8221; delle principali festivit\u00e0 della fede cristiana, finalizzato a depotenziare la sua dimensione pubblica e quindi la sua incidenza sulla societ\u00e0. Come reagire a questo clima culturale? E come evitare che il furto sia definitivamente portato a compimento? Questo libro, invitando a riflettere sui fenomeni in atto, spiega anche perch\u00e9 impedire lo scippo significa evitare una perdita secca. Per tutta la societ\u00e0.<\/p>\n<div class=\"powerpressbox\">\n<h3>Ascolta l&#8217;intervento di <a href=\"http:\/\/it.radiovaticana.va\/news\/2012\/11\/12\/le_feste_scippate:_l'ultimo_libro_di_mimmo_muolo_vuole_riscoprire_il_s\/it1-638244\" target=\"_blank\">Radio Vaticana<\/a> alla presentazione del libro<\/h3>\n<p>[powerpress]<\/p>\n<\/div>\n<p class=\"acquista-paragrafo\"><a href=\"http:\/\/www.ibs.it\/code\/9788851410261\/muolo-mimmo\/feste-scippate-riscoprire-il.html?shop=3462\" target=\"_blank\">Acquista il libro<\/a> su IBS<\/p>\n<p class=\"acquista-paragrafo\"><a href=\"http:\/\/www.libreriadelsanto.it\/libri\/9788851410261\/le-feste-scippate.html?p=sot\" target=\"_blank\">Acquista il libro<\/a> su Libreria del Santo<\/p>\n","protected":false},"excerpt":{"rendered":"<p>Che cosa sta succedendo alle feste cristiane? Sotto l&#8217;incalzare del consumismo, il 25 dicembre sembra ormai diventato il compleanno di Babbo Natale, anzich\u00e9 di Ges\u00f9, Pasqua viene scambiata per una generica festa della primavera, l&#8217;Assunta \u00e8 quasi completamente assorbita nel solleone del Ferragosto e i Santi rischiano di essere dimenticati per l&#8217;invadente avanzata di Halloween&#8230;.<\/p>\n","protected":false},"author":3,"featured_media":0,"comment_status":"closed","ping_status":"closed","sticky":false,"template":"","format":"standard","meta":{"_kad_post_transparent":"","_kad_post_title":"","_kad_post_layout":"","_kad_post_sidebar_id":"","_kad_post_content_style":"","_kad_post_vertical_padding":"","_kad_post_feature":"","_kad_post_feature_position":"","_kad_post_header":false,"_kad_post_footer":false,"_kad_post_classname":"","footnotes":""},"categories":[102,664],"tags":[17,662,141],"class_list":["post-234264","post","type-post","status-publish","format-standard","hentry","category-102","category-feste","tag-libri","tag-libro","tag-tempo-di-natale"],"_links":{"self":[{"href":"https:\/\/archivio.cercoiltuovolto.it\/index.php?rest_route=\/wp\/v2\/posts\/234264","targetHints":{"allow":["GET"]}}],"collection":[{"href":"https:\/\/archivio.cercoiltuovolto.it\/index.php?rest_route=\/wp\/v2\/posts"}],"about":[{"href":"https:\/\/archivio.cercoiltuovolto.it\/index.php?rest_route=\/wp\/v2\/types\/post"}],"author":[{"embeddable":true,"href":"https:\/\/archivio.cercoiltuovolto.it\/index.php?rest_route=\/wp\/v2\/users\/3"}],"replies":[{"embeddable":true,"href":"https:\/\/archivio.cercoiltuovolto.it\/index.php?rest_route=%2Fwp%2Fv2%2Fcomments&post=234264"}],"version-history":[{"count":0,"href":"https:\/\/archivio.cercoiltuovolto.it\/index.php?rest_route=\/wp\/v2\/posts\/234264\/revisions"}],"wp:attachment":[{"href":"https:\/\/archivio.cercoiltuovolto.it\/index.php?rest_route=%2Fwp%2Fv2%2Fmedia&parent=234264"}],"wp:term":[{"taxonomy":"category","embeddable":true,"href":"https:\/\/archivio.cercoiltuovolto.it\/index.php?rest_route=%2Fwp%2Fv2%2Fcategories&post=234264"},{"taxonomy":"post_tag","embeddable":true,"href":"https:\/\/archivio.cercoiltuovolto.it\/index.php?rest_route=%2Fwp%2Fv2%2Ftags&post=234264"}],"curies":[{"name":"wp","href":"https:\/\/api.w.org\/{rel}","templated":true}]}}