{"id":234249,"date":"2012-11-11T12:19:55","date_gmt":"2012-11-11T12:19:55","guid":{"rendered":"https:\/\/archivio.cercoiltuovolto.it\/?p=234249"},"modified":"2012-11-11T12:19:55","modified_gmt":"2012-11-11T12:19:55","slug":"uomini-e-profeti-leggere-la-bibbia-chi-e-il-mio-prossimo-luca-1025-42","status":"publish","type":"post","link":"https:\/\/archivio.cercoiltuovolto.it\/?p=234249","title":{"rendered":"Uomini e Profeti: Leggere la Bibbia \u2013 Chi \u00e8 il mio prossimo? &#8211; Luca 10,25-42"},"content":{"rendered":"<p style=\"text-align: center;\"><a href=\"http:\/\/www.cercoiltuovolto.it\/wp-content\/uploads\/2012\/11\/mano.jpg\"><img loading=\"lazy\" decoding=\"async\" class=\"alignnone size-full wp-image-26324\" title=\"mano\" src=\"http:\/\/www.cercoiltuovolto.it\/wp-content\/uploads\/2012\/11\/mano.jpg\" alt=\"\" width=\"500\" height=\"333\" \/><\/a><\/p>\n<p><strong><em><strong>Chi \u00e8 il mio prossimo?<\/strong><\/em>\u00a0&#8211; con\u00a0<strong>Alberto Maggi<\/strong><\/strong><\/p>\n<p>domenica 4 novembre 2012<\/p>\n<p style=\"text-align: justify;\">Chi \u00e8 il mio prossimo? Che cosa significa \u201cfarsi prossimo\u201d di chi \u00e8 nella necessit\u00e0, nel dolore? Nel Vangelo di Luca, che oggi apriamo per la prima volta da quando abbiamo iniziato a leggere la Bibbia, sono molte le indicazioni che le parole di Ges\u00f9 suggeriscono per declinare l\u2019amore per l\u2019altro, fino al paradosso di \u201camare il nemico\u201d.\u00a0 Il Vangelo di Luca \u00e8 un testo molto alla preghiera interiore, alla spiritualit\u00e0 di Ges\u00f9, ma anche molto sensibile al tema sociale, alle donne ai diseredati, ai poveri. Ma non \u00e8 solo un Vangelo di suggestiva scrittura. \u00c8 anche un Vangelo che pone molti problemi: primo fra tutti quello del rapporto fra la comunit\u00e0 ebraica e il mondo pagano, ma propone anche una prospettiva pi\u00f9 ravvicinata dell\u2019attesa del regno di Dio. Inoltre nel Vangelo di Luca vengono narrati molti episodi che non si trovano altrove, come quelli che affronteremo oggi, con\u00a0<strong>Alberto Maggi<\/strong>, frate dell\u2019Ordine dei servi di Maria, direttore del Centro Studi biblici \u201cG. Vannucci\u201d a Montefano.<\/p>\n<div class=\"powerpressbox\" style=\"text-align: justify;\">[powerpress]<\/div>\n<p class=\"link\" style=\"text-align: justify;\">Fonte: <a href=\"http:\/\/www.radio3.rai.it\/dl\/radio3\/programmi\/puntata\/ContentItem-2ef10710-f1b9-4ad2-90b6-bec689e649ee.html\">Radio Rai 3 &#8211; file real media<\/a><\/p>\n<p class=\"ascolta\" style=\"text-align: justify;\"><a href=\"http:\/\/sdrv.ms\/QHu6mI\" target=\"_blank\">Mirror per il file mp3<\/a> (in caso di mancato funzionamento del podcast)<\/p>\n<p class=\"ascolta\" style=\"text-align: justify;\"><a href=\"http:\/\/itunes.apple.com\/it\/podcast\/rai-podcast-radio3\/id138738803\">Link al podcast su iTunes<\/a><\/p>\n<div>\u00a0<\/div>\n","protected":false},"excerpt":{"rendered":"<p>Chi \u00e8 il mio prossimo?\u00a0&#8211; con\u00a0Alberto Maggi domenica 4 novembre 2012 Chi \u00e8 il mio prossimo? Che cosa significa \u201cfarsi prossimo\u201d di chi \u00e8 nella necessit\u00e0, nel dolore? Nel Vangelo di Luca, che oggi apriamo per la prima volta da quando abbiamo iniziato a leggere la Bibbia, sono molte le indicazioni che le parole di&#8230;<\/p>\n","protected":false},"author":3,"featured_media":0,"comment_status":"closed","ping_status":"closed","sticky":false,"template":"","format":"standard","meta":{"_kad_post_transparent":"","_kad_post_title":"","_kad_post_layout":"","_kad_post_sidebar_id":"","_kad_post_content_style":"","_kad_post_vertical_padding":"","_kad_post_feature":"","_kad_post_feature_position":"","_kad_post_header":false,"_kad_post_footer":false,"_kad_post_classname":"","footnotes":""},"categories":[102,4],"tags":[23,656,31],"class_list":["post-234249","post","type-post","status-publish","format-standard","hentry","category-102","category-audio-cattolici","tag-bibbia","tag-prossimo","tag-radio-nel-web"],"_links":{"self":[{"href":"https:\/\/archivio.cercoiltuovolto.it\/index.php?rest_route=\/wp\/v2\/posts\/234249","targetHints":{"allow":["GET"]}}],"collection":[{"href":"https:\/\/archivio.cercoiltuovolto.it\/index.php?rest_route=\/wp\/v2\/posts"}],"about":[{"href":"https:\/\/archivio.cercoiltuovolto.it\/index.php?rest_route=\/wp\/v2\/types\/post"}],"author":[{"embeddable":true,"href":"https:\/\/archivio.cercoiltuovolto.it\/index.php?rest_route=\/wp\/v2\/users\/3"}],"replies":[{"embeddable":true,"href":"https:\/\/archivio.cercoiltuovolto.it\/index.php?rest_route=%2Fwp%2Fv2%2Fcomments&post=234249"}],"version-history":[{"count":0,"href":"https:\/\/archivio.cercoiltuovolto.it\/index.php?rest_route=\/wp\/v2\/posts\/234249\/revisions"}],"wp:attachment":[{"href":"https:\/\/archivio.cercoiltuovolto.it\/index.php?rest_route=%2Fwp%2Fv2%2Fmedia&parent=234249"}],"wp:term":[{"taxonomy":"category","embeddable":true,"href":"https:\/\/archivio.cercoiltuovolto.it\/index.php?rest_route=%2Fwp%2Fv2%2Fcategories&post=234249"},{"taxonomy":"post_tag","embeddable":true,"href":"https:\/\/archivio.cercoiltuovolto.it\/index.php?rest_route=%2Fwp%2Fv2%2Ftags&post=234249"}],"curies":[{"name":"wp","href":"https:\/\/api.w.org\/{rel}","templated":true}]}}