{"id":234225,"date":"2012-11-07T23:54:57","date_gmt":"2012-11-07T23:54:57","guid":{"rendered":"https:\/\/archivio.cercoiltuovolto.it\/?p=234225"},"modified":"2012-11-07T23:54:57","modified_gmt":"2012-11-07T23:54:57","slug":"udienza-generale-del-santo-padre-in-mp3-7-novembre-2012","status":"publish","type":"post","link":"https:\/\/archivio.cercoiltuovolto.it\/?p=234225","title":{"rendered":"&#8220;Udienza Generale&#8221; del Santo Padre in mp3 &#8211; 7 novembre 2012"},"content":{"rendered":"<blockquote>\n<p><em><strong>L&#8217;Anno della fede. Il desiderio di Dio.<\/strong><\/em><\/p>\n<p><em>Cari fratelli e sorelle,<\/em><\/p>\n<p style=\"text-align: justify;\">il cammino di riflessione che stiamo facendo insieme in quest<em>\u2019<a href=\"http:\/\/www.vatican.va\/special\/annus_fidei\/index_it.htm\">Anno della fede<\/a>\u00a0<\/em>ci conduce a meditare oggi su un aspetto affascinante dell\u2019esperienza umana e cristiana: l\u2019uomo porta in s\u00e9 un misterioso desiderio di Dio. In modo molto significativo, il\u00a0<em><a href=\"http:\/\/www.vatican.va\/archive\/ccc_it\/ccc-it_index_it.html\">Catechismo della Chiesa Cattolica<\/a><\/em>\u00a0si apre proprio con la seguente considerazione: \u00abIl desiderio di Dio \u00e8 inscritto nel cuore dell&#8217;uomo, perch\u00e9 l&#8217;uomo \u00e8 stato creato da Dio e per Dio; e Dio non cessa di attirare a s\u00e9 l&#8217;uomo e soltanto in Dio l&#8217;uomo trover\u00e0 la verit\u00e0 e la felicit\u00e0 che cerca senza posa\u00bb (n. 27).\u00a0<\/p>\n<p style=\"text-align: justify;\">Una tale affermazione, che anche oggi in molti contesti culturali appare del tutto condivisibile, quasi ovvia, potrebbe invece sembrare una provocazione nell\u2019ambito della cultura occidentale secolarizzata. Molti nostri contemporanei potrebbero infatti obiettare di non avvertire per nulla un tale desiderio di Dio. Per larghi settori della societ\u00e0 Egli non \u00e8 pi\u00f9 l\u2019atteso, il desiderato, quanto piuttosto una realt\u00e0 che lascia indifferenti, davanti alla quale non si deve nemmeno fare lo sforzo di pronunciarsi. In realt\u00e0, quello che abbiamo definito come \u00abdesiderio di Dio\u00bb non \u00e8 del tutto scomparso e si affaccia ancora oggi, in molti modi, al cuore dell\u2019uomo. Il desiderio umano tende sempre a determinati beni concreti, spesso tutt\u2019altro che spirituali, e tuttavia si trova di fronte all\u2019interrogativo su che cosa sia davvero \u00abil\u00bb bene, e quindi a confrontarsi con qualcosa che \u00e8 altro da s\u00e9, che l\u2019uomo non pu\u00f2 costruire, ma \u00e8 chiamato a riconoscere. Che cosa pu\u00f2 davvero saziare il desiderio dell\u2019uomo?<\/p>\n<ul>\n<li><a href=\"http:\/\/www.vatican.va\/holy_father\/benedict_xvi\/audiences\/2012\/documents\/hf_ben-xvi_aud_20121107_it.html\">Leggi tutto il messaggio<\/a> <em>\u00a9 Copyright 2012 &#8211; Libreria Editrice Vaticana<\/em><\/li>\n<li><a href=\"http:\/\/player.rv.va\/vaticanplayer.asp?language=it&amp;tic=VA_VA_FH7K33KE\" target=\"_blank\">Link al video ufficiale<\/a><\/li>\n<\/ul>\n<\/blockquote>\n<div class=\"powerpressbox\">[powerpress]<\/div>\n<p class=\"link\" style=\"text-align: justify;\"><strong>Fonte<\/strong>: Radio Vaticana via FeedRss<\/p>\n<p><span style=\"font-size: xx-small;\"><em>(The content of this podcast is copyrighted by Vatican Radio which, according to its statute, is entrusted to manage and protect the sound recordings of the Roman Pontiff, ensuring that their pastoral character and intellectual property&#8217;s rights are protected when used by third parties. The content of this podcast is made available only for personal and private use and cannot be exploited for commercial purposes, without prior written authorization by Vatican Radio. For further information, please contact the International Relation Office at relint@vatiradio.va)<\/em><\/span><\/p>\n","protected":false},"excerpt":{"rendered":"<p>L&#8217;Anno della fede. Il desiderio di Dio. Cari fratelli e sorelle, il cammino di riflessione che stiamo facendo insieme in quest\u2019Anno della fede\u00a0ci conduce a meditare oggi su un aspetto affascinante dell\u2019esperienza umana e cristiana: l\u2019uomo porta in s\u00e9 un misterioso desiderio di Dio. In modo molto significativo, il\u00a0Catechismo della Chiesa Cattolica\u00a0si apre proprio con&#8230;<\/p>\n","protected":false},"author":3,"featured_media":0,"comment_status":"closed","ping_status":"closed","sticky":false,"template":"","format":"standard","meta":{"_kad_post_transparent":"","_kad_post_title":"","_kad_post_layout":"","_kad_post_sidebar_id":"","_kad_post_content_style":"","_kad_post_vertical_padding":"","_kad_post_feature":"","_kad_post_feature_position":"","_kad_post_header":false,"_kad_post_footer":false,"_kad_post_classname":"","footnotes":""},"categories":[102,643],"tags":[73,65,9],"class_list":["post-234225","post","type-post","status-publish","format-standard","hentry","category-102","category-anno-della-fede","tag-benedetto-xvi","tag-udienza-generale","tag-vaticano"],"_links":{"self":[{"href":"https:\/\/archivio.cercoiltuovolto.it\/index.php?rest_route=\/wp\/v2\/posts\/234225","targetHints":{"allow":["GET"]}}],"collection":[{"href":"https:\/\/archivio.cercoiltuovolto.it\/index.php?rest_route=\/wp\/v2\/posts"}],"about":[{"href":"https:\/\/archivio.cercoiltuovolto.it\/index.php?rest_route=\/wp\/v2\/types\/post"}],"author":[{"embeddable":true,"href":"https:\/\/archivio.cercoiltuovolto.it\/index.php?rest_route=\/wp\/v2\/users\/3"}],"replies":[{"embeddable":true,"href":"https:\/\/archivio.cercoiltuovolto.it\/index.php?rest_route=%2Fwp%2Fv2%2Fcomments&post=234225"}],"version-history":[{"count":0,"href":"https:\/\/archivio.cercoiltuovolto.it\/index.php?rest_route=\/wp\/v2\/posts\/234225\/revisions"}],"wp:attachment":[{"href":"https:\/\/archivio.cercoiltuovolto.it\/index.php?rest_route=%2Fwp%2Fv2%2Fmedia&parent=234225"}],"wp:term":[{"taxonomy":"category","embeddable":true,"href":"https:\/\/archivio.cercoiltuovolto.it\/index.php?rest_route=%2Fwp%2Fv2%2Fcategories&post=234225"},{"taxonomy":"post_tag","embeddable":true,"href":"https:\/\/archivio.cercoiltuovolto.it\/index.php?rest_route=%2Fwp%2Fv2%2Ftags&post=234225"}],"curies":[{"name":"wp","href":"https:\/\/api.w.org\/{rel}","templated":true}]}}