{"id":234192,"date":"2012-10-29T07:34:59","date_gmt":"2012-10-29T07:34:59","guid":{"rendered":"https:\/\/archivio.cercoiltuovolto.it\/?p=234192"},"modified":"2012-10-29T07:34:59","modified_gmt":"2012-10-29T07:34:59","slug":"vigano-dario-e-la-maschera-del-potere-carisma-e-leadership-nel-cinema","status":"publish","type":"post","link":"https:\/\/archivio.cercoiltuovolto.it\/?p=234192","title":{"rendered":"Vigan\u00f2 Dario E. &#8211; La maschera del potere. Carisma e leadership nel cinema"},"content":{"rendered":"<p style=\"text-align: justify;\"><a href=\"http:\/\/www.cercoiltuovolto.it\/wp-content\/uploads\/2012\/10\/maschera_potere_450.jpg\"><img loading=\"lazy\" decoding=\"async\" class=\"alignleft size-medium wp-image-26097\" title=\"maschera_potere_450\" src=\"http:\/\/www.cercoiltuovolto.it\/wp-content\/uploads\/2012\/10\/maschera_potere_450-300x300.jpg\" alt=\"\" width=\"300\" height=\"300\" \/><\/a>Il potere e la leadership contengono una forza e un&#8217;attrazione irriducibili e a volte anche indossare una semplice uniforme pu\u00f2 radicare in ognuno di noi un falso, inestinguibile senso di superiorit\u00e0. Charlie Chaplin, splendido attore che si calava sempre a perfezione nel ruolo che stava interpretando, quando per la prima volta indoss\u00f2 i panni di un personaggio tirannico e arrogante, Hynkel, rimase stupefatto dal risultato e si lasci\u00f2 sfuggire un commento: &#8220;\u00c8 solo perch\u00e9 ho addosso questa dannata cosa che mi comporto cos\u00ec&#8221;. Anche nelle mani dei cineasti, per\u00f2, si concentra una sorta di &#8220;potere&#8221;: quello di poter guidare lo spettatore. Per questo, alla fine degli Trenta, turbato e angosciato dal dilagare delle dittature, Chaplin impugna la sola arma a sua disposizione, la comicit\u00e0, per ritrarre Hitler proprio mentre si sta trasformando da convinto ultranazionalista a vero &#8220;leader trasformativo&#8221;, macchiandosi di quelle scelte rischiose e immorali che cambieranno il corso della Storia. Nel Grande dittatore, del 1940, il clown Charlot veste i panni del povero barbiere ebreo, per un curioso caso del destino identico al crudele e dispotico Hynkel, con cui verr\u00e0 scambiato. La meravigliosa caricatura della tecnica oratoria di Hitler &#8211; realizzata mescolando insensati suoni dal sapore teutonico &#8211; e la danza del dittatore, auto-innalzatosi quasi a Dio, con il mappamondo, fanno da contraltare al discorso finale pronunciato da un barbiere a cui la divisa da generale non ha mutato l&#8217;anima&#8230;<\/p>\n<div class=\"powerpressbox\">\n<h3>Guarda la presentazione a Uno Mattina<\/h3>\n<p><div class=\"entry-content-asset videofit\"><iframe loading=\"lazy\" title=\"Rai 1 - UnoMattina Caff\u00e8\" width=\"720\" height=\"540\" src=\"https:\/\/www.youtube.com\/embed\/WXyYL2vS7oA?feature=oembed\" frameborder=\"0\" allow=\"accelerometer; autoplay; clipboard-write; encrypted-media; gyroscope; picture-in-picture; web-share\" referrerpolicy=\"strict-origin-when-cross-origin\" allowfullscreen><\/iframe><\/div>\n<\/p>\n<\/div>\n<p class=\"acquista-paragrafo\"><a href=\"http:\/\/www.ibs.it\/code\/9788885095656\/vigan-ograve-dario-e\/maschera-del-potere-carisma.html?shop=3462\" target=\"_blank\">Acquista il libro<\/a> su IBS<\/p>\n","protected":false},"excerpt":{"rendered":"<p>Il potere e la leadership contengono una forza e un&#8217;attrazione irriducibili e a volte anche indossare una semplice uniforme pu\u00f2 radicare in ognuno di noi un falso, inestinguibile senso di superiorit\u00e0. Charlie Chaplin, splendido attore che si calava sempre a perfezione nel ruolo che stava interpretando, quando per la prima volta indoss\u00f2 i panni di&#8230;<\/p>\n","protected":false},"author":3,"featured_media":0,"comment_status":"closed","ping_status":"closed","sticky":false,"template":"","format":"standard","meta":{"_kad_post_transparent":"","_kad_post_title":"","_kad_post_layout":"","_kad_post_sidebar_id":"","_kad_post_content_style":"","_kad_post_vertical_padding":"","_kad_post_feature":"","_kad_post_feature_position":"","_kad_post_header":false,"_kad_post_footer":false,"_kad_post_classname":"","footnotes":""},"categories":[102,373],"tags":[54,17],"class_list":["post-234192","post","type-post","status-publish","format-standard","hentry","category-102","category-cinema","tag-interviste","tag-libri"],"_links":{"self":[{"href":"https:\/\/archivio.cercoiltuovolto.it\/index.php?rest_route=\/wp\/v2\/posts\/234192","targetHints":{"allow":["GET"]}}],"collection":[{"href":"https:\/\/archivio.cercoiltuovolto.it\/index.php?rest_route=\/wp\/v2\/posts"}],"about":[{"href":"https:\/\/archivio.cercoiltuovolto.it\/index.php?rest_route=\/wp\/v2\/types\/post"}],"author":[{"embeddable":true,"href":"https:\/\/archivio.cercoiltuovolto.it\/index.php?rest_route=\/wp\/v2\/users\/3"}],"replies":[{"embeddable":true,"href":"https:\/\/archivio.cercoiltuovolto.it\/index.php?rest_route=%2Fwp%2Fv2%2Fcomments&post=234192"}],"version-history":[{"count":0,"href":"https:\/\/archivio.cercoiltuovolto.it\/index.php?rest_route=\/wp\/v2\/posts\/234192\/revisions"}],"wp:attachment":[{"href":"https:\/\/archivio.cercoiltuovolto.it\/index.php?rest_route=%2Fwp%2Fv2%2Fmedia&parent=234192"}],"wp:term":[{"taxonomy":"category","embeddable":true,"href":"https:\/\/archivio.cercoiltuovolto.it\/index.php?rest_route=%2Fwp%2Fv2%2Fcategories&post=234192"},{"taxonomy":"post_tag","embeddable":true,"href":"https:\/\/archivio.cercoiltuovolto.it\/index.php?rest_route=%2Fwp%2Fv2%2Ftags&post=234192"}],"curies":[{"name":"wp","href":"https:\/\/api.w.org\/{rel}","templated":true}]}}