{"id":234183,"date":"2012-10-28T00:49:59","date_gmt":"2012-10-28T00:49:59","guid":{"rendered":"https:\/\/archivio.cercoiltuovolto.it\/?p=234183"},"modified":"2012-10-28T00:49:59","modified_gmt":"2012-10-28T00:49:59","slug":"commento-al-vangelo-di-domenica-28-ottobre-2012-padre-bruno-secondin","status":"publish","type":"post","link":"https:\/\/archivio.cercoiltuovolto.it\/?p=234183","title":{"rendered":"Commento al Vangelo di domenica 28 ottobre 2012 &#8211; padre Bruno Secondin"},"content":{"rendered":"<p style=\"text-align: center;\"><img decoding=\"async\" class=\"aligncenter  wp-image-14846\" style=\"border: 0px;\" title=\"padre carmelitano Bruno Secondin\" src=\"http:\/\/www.cercoiltuovolto.it\/wp-content\/uploads\/2010\/11\/secondin.png\" alt=\"\" \/><\/p>\n<p style=\"text-align: justify;\">In questa 30.ma Domenica del Tempo ordinario la liturgia ci propone il Vangelo in cui un cieco, di nome Bartim\u00e8o, sentendo che stava passando Ges\u00f9 nel luogo in cui mendicava, grida verso il Maestro perch\u00e9 possa ridonargli la vista. C\u2019\u00e8 chi lo rimprovera, perch\u00e9 faccia silenzio. Ma lui grida ancora pi\u00f9 forte. Ges\u00f9 gli si fa vicino e gli dice:<\/p>\n<blockquote>\n<p style=\"text-align: justify;\"><strong>\u00abVa&#8217;, la tua fede ti ha salvato\u00bb. E subito vide di nuovo e lo seguiva lungo la strada.<\/strong><\/p>\n<\/blockquote>\n<p>Su questo brano del Vangelo, ascoltiamo il commento del carmelitano, padre Bruno Secondin, docente di Teologia spirituale alla Pontificia Universit\u00e0 Gregoriana:<\/p>\n<blockquote>\n<p style=\"text-align: justify;\">\u00c8 cieco Bartim\u00e8o, ma non rassegnato; vive al margine della citt\u00e0, ma non per questo \u00e8 intimorito: e non desiste, nella sua speranza di richiamare l\u2019attenzione di Ges\u00f9. La folla lo vorrebbe spingere ancora pi\u00f9 gi\u00f9 nel suo naufragio umano, sgridandolo, perch\u00e9 disturba il corteo del maestro. Ma proprio per quelli che implorano piet\u00e0 \u00e8 venuto Ges\u00f9, e qui c\u2019\u00e8 uno che grida forte per farsi sentire. \u201cChiamatelo!\u201d, impone Ges\u00f9, e rompe la protezione ipocrita per riconoscere il diritto del cieco a una speranza nuova, a una vita in piena dignit\u00e0. La risposta incoraggiante della folla si completa simmetricamente con i tre gesti di Bartim\u00e8o: vola il mantello, balza in piedi, incontra Ges\u00f9. Compassione e implorazione si incontrano, faccia a faccia; umiliazione e grazia si intrecciano e la vita rinasce, la luce splende, la ferita guarisce. Una luce negli occhi, ma soprattutto un coraggio nel cuore: camminare assieme a Ges\u00f9 che sta per entrare a Gerusalemme per l\u2019ultima sfida. Un discepolato deciso, in mezzo a discepoli titubanti. Siamo tutti come Bartimeo, mendicanti di luce, in attesa della voce che chiama, della parola giusta che dica: \u201cCoraggio! Alzati, ti chiama!\u201d.<\/p>\n<\/blockquote>\n<p class=\"link\" style=\"text-align: justify;\">Fonte: <a href=\"http:\/\/it.radiovaticana.va\/news\/2012\/10\/27\/il_commento_di_padre_bruno_secondin_al_vangelo_della_domenica\/it1-633416\" target=\"_blank\">RadioVaticana<\/a><\/p>\n<div class=\"powerpressbox\">[powerpress]<\/div>\n","protected":false},"excerpt":{"rendered":"<p>In questa 30.ma Domenica del Tempo ordinario la liturgia ci propone il Vangelo in cui un cieco, di nome Bartim\u00e8o, sentendo che stava passando Ges\u00f9 nel luogo in cui mendicava, grida verso il Maestro perch\u00e9 possa ridonargli la vista. C\u2019\u00e8 chi lo rimprovera, perch\u00e9 faccia silenzio. Ma lui grida ancora pi\u00f9 forte. Ges\u00f9 gli si&#8230;<\/p>\n","protected":false},"author":3,"featured_media":0,"comment_status":"closed","ping_status":"closed","sticky":false,"template":"","format":"standard","meta":{"_kad_post_transparent":"","_kad_post_title":"","_kad_post_layout":"","_kad_post_sidebar_id":"","_kad_post_content_style":"","_kad_post_vertical_padding":"","_kad_post_feature":"","_kad_post_feature_position":"","_kad_post_header":false,"_kad_post_footer":false,"_kad_post_classname":"","footnotes":""},"categories":[102,147],"tags":[27,172],"class_list":["post-234183","post","type-post","status-publish","format-standard","hentry","category-102","category-commento-al-vangelo","tag-radio-vaticana","tag-vangelo-della-domenica"],"_links":{"self":[{"href":"https:\/\/archivio.cercoiltuovolto.it\/index.php?rest_route=\/wp\/v2\/posts\/234183","targetHints":{"allow":["GET"]}}],"collection":[{"href":"https:\/\/archivio.cercoiltuovolto.it\/index.php?rest_route=\/wp\/v2\/posts"}],"about":[{"href":"https:\/\/archivio.cercoiltuovolto.it\/index.php?rest_route=\/wp\/v2\/types\/post"}],"author":[{"embeddable":true,"href":"https:\/\/archivio.cercoiltuovolto.it\/index.php?rest_route=\/wp\/v2\/users\/3"}],"replies":[{"embeddable":true,"href":"https:\/\/archivio.cercoiltuovolto.it\/index.php?rest_route=%2Fwp%2Fv2%2Fcomments&post=234183"}],"version-history":[{"count":0,"href":"https:\/\/archivio.cercoiltuovolto.it\/index.php?rest_route=\/wp\/v2\/posts\/234183\/revisions"}],"wp:attachment":[{"href":"https:\/\/archivio.cercoiltuovolto.it\/index.php?rest_route=%2Fwp%2Fv2%2Fmedia&parent=234183"}],"wp:term":[{"taxonomy":"category","embeddable":true,"href":"https:\/\/archivio.cercoiltuovolto.it\/index.php?rest_route=%2Fwp%2Fv2%2Fcategories&post=234183"},{"taxonomy":"post_tag","embeddable":true,"href":"https:\/\/archivio.cercoiltuovolto.it\/index.php?rest_route=%2Fwp%2Fv2%2Ftags&post=234183"}],"curies":[{"name":"wp","href":"https:\/\/api.w.org\/{rel}","templated":true}]}}