{"id":234162,"date":"2012-10-23T06:40:53","date_gmt":"2012-10-23T06:40:53","guid":{"rendered":"https:\/\/archivio.cercoiltuovolto.it\/?p=234162"},"modified":"2012-10-23T06:40:53","modified_gmt":"2012-10-23T06:40:53","slug":"natale-2013-nuovo-cd-di-mons-marco-frisina-et-incarnatus-est","status":"publish","type":"post","link":"https:\/\/archivio.cercoiltuovolto.it\/?p=234162","title":{"rendered":"Natale 2013: nuovo CD di mons. Marco Frisina &#8211; Et incarnatus est"},"content":{"rendered":"<p style=\"text-align: justify;\"><a href=\"http:\/\/www.cercoiltuovolto.it\/wp-content\/uploads\/2012\/10\/et-incarnatus-est.jpg\"><img loading=\"lazy\" decoding=\"async\" class=\"alignleft size-medium wp-image-25984\" title=\"et incarnatus est\" src=\"http:\/\/www.cercoiltuovolto.it\/wp-content\/uploads\/2012\/10\/et-incarnatus-est-303x300.jpg\" alt=\"\" width=\"303\" height=\"300\" \/><\/a>La Chiesa ha conservato numerosi testi poetici che insieme alla Sacra Scrittura formano quello splendido e ricchissimo repertorio di preghiere che tanto hanno arricchito e continuano a sostenere la fede dei credenti. In questa raccolta ho voluto sceglierne alcuni che ci parlano del mistero dell\u2019Incarnazione: sono testi meravigliosi carichi di fede e di amore, pieni di quella forza contemplativa che ha animato la testimonianza di tanti santi e che credo possa ancora nutrire in modo efficace la nostra fede e la nostra preghiera. La lingua latina, che pu\u00f2 a prima vista sembrare un ostacolo ad un ascoltatore di oggi, restituisce invece a questi testi tutta la forza originaria fatta di poesia e di teologia, fatta di stupore contemplativo e di preghiera vissuta. Accanto al testo cantato ho voluto inserire una traduzione affinch\u00e9 ognuno possa godere appieno della ricchezza delle parole scelte dai poeti cristiani che hanno composto quegli inni e quelle preghiere.<\/p>\n<p style=\"text-align: justify;\">Nel musicare questi testi ho voluto esprimere le diverse anime del Natale. Innanzitutto l\u2019aspetto gioioso e luminoso, come nel Puer natus est nobis e in Dies sanctificatus, cos\u00ec come in Verbum Caro factum est e in Viderunt omnes. In altri brani invece ho voluto evidenziare l\u2019aspetto contemplativo, pieno di stupore e di interiorit\u00e0 adorante come in Et incarnatus est e in O magnum Mysterium. Questi ultimi possono essere utilizzati anche nell\u2019adorazione eucaristica e nella preghiera di adorazione davanti al presepe, lasciando che la contemplazione dell\u2019incarnazione tocchi il nostro cuore fino a divenire vera professione di fede, lasciando che la preghiera e il canto suscitino dentro di noi quell\u2019amore e quella commozione che spingeva i santi, come S. Francesco e S. Alfonso de\u2019 Liguori, a divenire a loro volta cantori e testimoni del Verbo incarnato.<\/p>\n<p style=\"text-align: justify;\">Ho voluto inserire due melodie tradizionali: In cordis iubilo, che ci fa respirare a pieno l\u2019atmosfera tenera e gioiosa del Natale e le strofe dell\u2019Inno A solis ortus cardine, in quest\u2019ultimo canto la melodia gregoriana si alterna ai brani polifonici, nella maniera classica. Di aspetto particolare \u00e8 il canto Credimus. Il testo \u00e8 tratto dal \u201cCredo di Paolo VI\u201d che il pontefice pronunci\u00f2 proprio nell\u2019Anno della Fede del 1968. Le parole sono un\u2019intensa professione di fede che amplifica il Credo Niceno-Costantinopolitano conferendogli una forza nuova. Nell\u2019Anno della Fede che ci apprestiamo a vivere \u00e8 utile tornare a questo testo straordinario che il Magistero ci consegna e che ci invita a fare nostra la Fede della Chiesa e a viverla nelle difficolt\u00e0 e dinanzi alle sfide culturali del nostro presente.<\/p>\n<p style=\"text-align: justify;\">Cantiamo dunque il Mistero dell\u2019Incarnazione, in esso troviamo la fonte della gioia e dello stupore, da esso traiamo i fondamenti della nostra fede perch\u00e9 riconosciamo in Ges\u00f9 il Dio fatto uomo per noi, perch\u00e9 in Lui troviamo il senso della nostra esistenza e la certezza della nostra redenzione. Accostiamoci con gioia al presepe per attingere nel silenzio e nella pace di quella mangiatoia tutta la forza per testimoniare la nostra fede al mondo.<\/p>\n<p><em>Mons. Marco Frisina<\/em><\/p>\n<h3 class=\"powerpressbox\">Ascolta un breve estratto<br \/>[powerpress]<\/h3>\n<h3><em>Titoli delle canzoni<\/em><\/h3>\n<ol>\n<li>Puer natus est<\/li>\n<li>Et incarnatus est<\/li>\n<li>Dies sanctificatus<\/li>\n<li>Virgo Dei Genitrix<\/li>\n<li>In cordis iubilo<\/li>\n<li>A solis ortus cardine<\/li>\n<li>Verbum caro factus est<\/li>\n<li>O magnum Mysterium<\/li>\n<li>Viderunt omnes<\/li>\n<li>Credimus<\/li>\n<\/ol>\n<p class=\"acquista-paragrafo\"><a href=\"http:\/\/www.libreriadelsanto.it\/cd\/8019118023162\/et-incarnatus-est-canti-per-la-liturgia-di-natale.html?p=sot\" target=\"_blank\">Acquista il cd (disponibile anche lo spartito)<\/a><\/p>\n","protected":false},"excerpt":{"rendered":"<p>La Chiesa ha conservato numerosi testi poetici che insieme alla Sacra Scrittura formano quello splendido e ricchissimo repertorio di preghiere che tanto hanno arricchito e continuano a sostenere la fede dei credenti. In questa raccolta ho voluto sceglierne alcuni che ci parlano del mistero dell\u2019Incarnazione: sono testi meravigliosi carichi di fede e di amore, pieni&#8230;<\/p>\n","protected":false},"author":3,"featured_media":0,"comment_status":"closed","ping_status":"closed","sticky":false,"template":"","format":"standard","meta":{"_kad_post_transparent":"","_kad_post_title":"","_kad_post_layout":"","_kad_post_sidebar_id":"","_kad_post_content_style":"","_kad_post_vertical_padding":"","_kad_post_feature":"","_kad_post_feature_position":"","_kad_post_header":false,"_kad_post_footer":false,"_kad_post_classname":"","footnotes":""},"categories":[102,4],"tags":[260,141],"class_list":["post-234162","post","type-post","status-publish","format-standard","hentry","category-102","category-audio-cattolici","tag-cd","tag-tempo-di-natale"],"_links":{"self":[{"href":"https:\/\/archivio.cercoiltuovolto.it\/index.php?rest_route=\/wp\/v2\/posts\/234162","targetHints":{"allow":["GET"]}}],"collection":[{"href":"https:\/\/archivio.cercoiltuovolto.it\/index.php?rest_route=\/wp\/v2\/posts"}],"about":[{"href":"https:\/\/archivio.cercoiltuovolto.it\/index.php?rest_route=\/wp\/v2\/types\/post"}],"author":[{"embeddable":true,"href":"https:\/\/archivio.cercoiltuovolto.it\/index.php?rest_route=\/wp\/v2\/users\/3"}],"replies":[{"embeddable":true,"href":"https:\/\/archivio.cercoiltuovolto.it\/index.php?rest_route=%2Fwp%2Fv2%2Fcomments&post=234162"}],"version-history":[{"count":0,"href":"https:\/\/archivio.cercoiltuovolto.it\/index.php?rest_route=\/wp\/v2\/posts\/234162\/revisions"}],"wp:attachment":[{"href":"https:\/\/archivio.cercoiltuovolto.it\/index.php?rest_route=%2Fwp%2Fv2%2Fmedia&parent=234162"}],"wp:term":[{"taxonomy":"category","embeddable":true,"href":"https:\/\/archivio.cercoiltuovolto.it\/index.php?rest_route=%2Fwp%2Fv2%2Fcategories&post=234162"},{"taxonomy":"post_tag","embeddable":true,"href":"https:\/\/archivio.cercoiltuovolto.it\/index.php?rest_route=%2Fwp%2Fv2%2Ftags&post=234162"}],"curies":[{"name":"wp","href":"https:\/\/api.w.org\/{rel}","templated":true}]}}