{"id":234100,"date":"2012-10-07T13:45:31","date_gmt":"2012-10-07T13:45:31","guid":{"rendered":"https:\/\/archivio.cercoiltuovolto.it\/?p=234100"},"modified":"2012-10-07T13:45:31","modified_gmt":"2012-10-07T13:45:31","slug":"uomini-e-profeti-leggere-la-bibbia-il-profeta-disprezzato-in-patria-marco-61-29","status":"publish","type":"post","link":"https:\/\/archivio.cercoiltuovolto.it\/?p=234100","title":{"rendered":"Uomini e Profeti: Leggere la Bibbia \u2013 Il profeta disprezzato in patria &#8211; Marco 6,1-29"},"content":{"rendered":"<p style=\"text-align: center;\"><a href=\"http:\/\/www.cercoiltuovolto.it\/wp-content\/uploads\/2012\/10\/gesuinsegnanellasinagoga.jpg\"><img loading=\"lazy\" decoding=\"async\" class=\"aligncenter size-full wp-image-25768\" title=\"gesuinsegnanellasinagoga\" src=\"http:\/\/www.cercoiltuovolto.it\/wp-content\/uploads\/2012\/10\/gesuinsegnanellasinagoga.jpg\" alt=\"\" width=\"400\" height=\"289\" \/><\/a><\/p>\n<p><strong>Il profeta disprezzato in patria\u00a0&#8211; con\u00a0<strong>Adriana Destro e Mauro Pesce<\/strong><\/strong><\/p>\n<p>domenica 7 ottobre 2012<\/p>\n<p style=\"text-align: justify;\">Riprende, a partire da questa domenica,\u00a0<em>la lettura della Bibbia<\/em>\u00a0di &#8220;Uomini e Profeti&#8221; : il cammino intrapreso all&#8217;incirca due anni fa, e che terminer\u00e0 alla fine di questa annata.<\/p>\n<p style=\"text-align: justify;\">Riproporremo la consueta alternanza di voci, di interpreti, di commentatori, nella convinzione che il testo biblico \u00e8 un &#8220;libro&#8221; nel quale ciascuno pu\u00f2 cimentare la propria capacit\u00e0 di lettura, a qualunque tradizione appartenga; un libro nel quale possiamo rinvenire l&#8217;idea di giustizia e di libert\u00e0, di misericordia e di solidariet\u00e0 che ancora sotterraneamente lavorano dentro la nostra cultura.<br \/>Ricominciamo, con gli studiosi\u00a0<strong>Adriana Destro<\/strong>\u00a0e\u00a0<strong>Mauro Pesce<\/strong>, dalla lettura del Vangelo di Marco, all&#8217;inizio del capitolo 6 in cui Ges\u00f9 allarga gli orizzonti della missione dei dodici, non prima di aver subito uno scacco proprio nella sua citt\u00e0, a\u00a0Nazareth\u00a0 dove tutti ricordano la sua umile origine, e faticano a riconoscergli la sapienza con cui si esprime. Ci interrogheremo su chi sia stato l&#8217;uomo Ges\u00f9 e quale pratica di vita lo abbia portato a incidere cos\u00ec fortemente nelle coscienze e nella storia.<\/p>\n<div class=\"powerpressbox\" style=\"text-align: justify;\">[powerpress]<\/div>\n<p class=\"link\" style=\"text-align: justify;\">Fonte: <a href=\"http:\/\/www.radio3.rai.it\/dl\/radio3\/programmi\/puntata\/ContentItem-428129b4-c703-4745-bc7e-09769057a4c1.html\">Radio Rai 3 &#8211; file real media<\/a><\/p>\n<p class=\"ascolta\" style=\"text-align: justify;\"><a href=\"http:\/\/sdrv.ms\/QHu6mI\" target=\"_blank\">Mirror per il file mp3<\/a> (in caso di mancato funzionamento del podcast)<\/p>\n<p class=\"ascolta\" style=\"text-align: justify;\"><a href=\"http:\/\/itunes.apple.com\/it\/podcast\/rai-podcast-radio3\/id138738803\">Link al podcast su iTunes<\/a><\/p>\n","protected":false},"excerpt":{"rendered":"<p>Il profeta disprezzato in patria\u00a0&#8211; con\u00a0Adriana Destro e Mauro Pesce domenica 7 ottobre 2012 Riprende, a partire da questa domenica,\u00a0la lettura della Bibbia\u00a0di &#8220;Uomini e Profeti&#8221; : il cammino intrapreso all&#8217;incirca due anni fa, e che terminer\u00e0 alla fine di questa annata. Riproporremo la consueta alternanza di voci, di interpreti, di commentatori, nella convinzione che&#8230;<\/p>\n","protected":false},"author":3,"featured_media":0,"comment_status":"closed","ping_status":"closed","sticky":false,"template":"","format":"standard","meta":{"_kad_post_transparent":"","_kad_post_title":"","_kad_post_layout":"","_kad_post_sidebar_id":"","_kad_post_content_style":"","_kad_post_vertical_padding":"","_kad_post_feature":"","_kad_post_feature_position":"","_kad_post_header":false,"_kad_post_footer":false,"_kad_post_classname":"","footnotes":""},"categories":[102,4],"tags":[23,31,625],"class_list":["post-234100","post","type-post","status-publish","format-standard","hentry","category-102","category-audio-cattolici","tag-bibbia","tag-radio-nel-web","tag-vangelo-di-marco"],"_links":{"self":[{"href":"https:\/\/archivio.cercoiltuovolto.it\/index.php?rest_route=\/wp\/v2\/posts\/234100","targetHints":{"allow":["GET"]}}],"collection":[{"href":"https:\/\/archivio.cercoiltuovolto.it\/index.php?rest_route=\/wp\/v2\/posts"}],"about":[{"href":"https:\/\/archivio.cercoiltuovolto.it\/index.php?rest_route=\/wp\/v2\/types\/post"}],"author":[{"embeddable":true,"href":"https:\/\/archivio.cercoiltuovolto.it\/index.php?rest_route=\/wp\/v2\/users\/3"}],"replies":[{"embeddable":true,"href":"https:\/\/archivio.cercoiltuovolto.it\/index.php?rest_route=%2Fwp%2Fv2%2Fcomments&post=234100"}],"version-history":[{"count":0,"href":"https:\/\/archivio.cercoiltuovolto.it\/index.php?rest_route=\/wp\/v2\/posts\/234100\/revisions"}],"wp:attachment":[{"href":"https:\/\/archivio.cercoiltuovolto.it\/index.php?rest_route=%2Fwp%2Fv2%2Fmedia&parent=234100"}],"wp:term":[{"taxonomy":"category","embeddable":true,"href":"https:\/\/archivio.cercoiltuovolto.it\/index.php?rest_route=%2Fwp%2Fv2%2Fcategories&post=234100"},{"taxonomy":"post_tag","embeddable":true,"href":"https:\/\/archivio.cercoiltuovolto.it\/index.php?rest_route=%2Fwp%2Fv2%2Ftags&post=234100"}],"curies":[{"name":"wp","href":"https:\/\/api.w.org\/{rel}","templated":true}]}}