{"id":234091,"date":"2012-10-09T22:42:23","date_gmt":"2012-10-09T22:42:23","guid":{"rendered":"https:\/\/archivio.cercoiltuovolto.it\/?p=234091"},"modified":"2012-10-09T22:42:23","modified_gmt":"2012-10-09T22:42:23","slug":"benedetto-xvi-angelus-del-30-settembre-2012-in-mp3","status":"publish","type":"post","link":"https:\/\/archivio.cercoiltuovolto.it\/?p=234091","title":{"rendered":"Benedetto XVI &#8211; Angelus del 30 settembre 2012 in mp3"},"content":{"rendered":"<p style=\"text-align: center;\"><img loading=\"lazy\" decoding=\"async\" class=\"aligncenter size-full wp-image-25345\" title=\"angelus\" src=\"http:\/\/www.cercoiltuovolto.it\/wp-content\/uploads\/2012\/09\/angelus.jpg\" alt=\"\" width=\"670\" height=\"424\" \/>\u00a0<\/p>\n<blockquote>\n<p style=\"text-align: center;\">\u00a0<\/p>\n<p><em>Cari fratelli e sorelle!<\/em><\/p>\n<p style=\"text-align: justify;\">Il Vangelo di questa domenica presenta uno di quegli episodi della vita di Cristo che, pur essendo colti, per cos\u00ec dire,\u00a0<em>en passant<\/em>, contengono un profondo significato (cfr\u00a0<em>Mc<\/em>\u00a09,38-41). Si tratta del fatto che un tale, che non era dei seguaci di Ges\u00f9, aveva scacciato dei demoni nel suo nome. L\u2019apostolo Giovanni, giovane e zelante come era, vorrebbe impedirglielo, ma Ges\u00f9 non lo permette, anzi, prende spunto da quella occasione per insegnare ai suoi discepoli che Dio pu\u00f2 operare cose buone e persino prodigiose anche al di fuori della loro cerchia, e che si pu\u00f2 collaborare alla causa del Regno di Dio in diversi modi, anche offrendo un semplice bicchiere d\u2019acqua ad un missionario (v. 41). Sant\u2019Agostino scrive a proposito: \u00abCome nella Cattolica \u2013 cio\u00e8 nella Chiesa \u2013 si pu\u00f2 trovare ci\u00f2 che non \u00e8 cattolico, cos\u00ec fuori della Cattolica pu\u00f2 esservi qualcosa di cattolico\u00bb (Agostino,\u00a0<em>Sul battesimo contro i donatisti<\/em>:\u00a0<em>PL<\/em>\u00a043, VII, 39, 77). Perci\u00f2, i membri della Chiesa non devono provare gelosia, ma rallegrarsi se qualcuno esterno alla comunit\u00e0 opera il bene nel nome di Cristo, purch\u00e9 lo faccia con intenzione retta e con rispetto. Anche all\u2019interno della Chiesa stessa, pu\u00f2 capitare, a volte, che si faccia fatica a valorizzare e ad apprezzare, in uno spirito di profonda comunione, le cose buone compiute dalle varie realt\u00e0 ecclesiali. Invece dobbiamo essere tutti e sempre capaci di apprezzarci e stimarci a vicenda, lodando il Signore per l\u2019infinita \u2018fantasia\u2019 con cui opera nella Chiesa e nel mondo.<\/p>\n<ul>\n<li><a href=\"http:\/\/www.vatican.va\/holy_father\/benedict_xvi\/angelus\/2012\/documents\/hf_ben-xvi_ang_20120930_it.html\">Leggi tutto il messaggio<\/a> <em>\u00a9 Copyright 2012 &#8211; Libreria Editrice Vaticana<\/em><\/li>\n<li><a href=\"http:\/\/player.rv.va\/vaticanplayer.asp?language=it&amp;tic=VA_3SJ8O39B\" target=\"_blank\"><em>Link al Video<\/em><\/a><\/li>\n<\/ul>\n<\/blockquote>\n<p><img loading=\"lazy\" decoding=\"async\" class=\"alignnone size-full wp-image-25340\" style=\"margin-bottom: -35px;\" title=\"ascolta-il-podcast\" src=\"http:\/\/www.cercoiltuovolto.it\/wp-content\/uploads\/2012\/09\/ascolta-il-podcast.png\" alt=\"\" width=\"277\" height=\"77\" \/><\/p>\n<div class=\"powerpressbox\">[powerpress]<\/div>\n<p style=\"text-align: justify;\"><strong>Fonte<\/strong>: Radio Vaticana via FeedRss<\/p>\n<p style=\"text-align: justify;\"><span style=\"font-size: xx-small;\"><em>(The content of this podcast is copyrighted by Vatican Radio which, according to its statute, is entrusted to manage and protect the sound recordings of the Roman Pontiff, ensuring that their pastoral character and intellectual property&#8217;s rights are protected when used by third parties. The content of this podcast is made available only for personal and private use and cannot be exploited for commercial purposes, without prior written authorization by Vatican Radio. For further information, please contact the International Relation Office at relint@vatiradio.va)<\/em><\/span><\/p>\n","protected":false},"excerpt":{"rendered":"<p>\u00a0 \u00a0 Cari fratelli e sorelle! Il Vangelo di questa domenica presenta uno di quegli episodi della vita di Cristo che, pur essendo colti, per cos\u00ec dire,\u00a0en passant, contengono un profondo significato (cfr\u00a0Mc\u00a09,38-41). Si tratta del fatto che un tale, che non era dei seguaci di Ges\u00f9, aveva scacciato dei demoni nel suo nome. L\u2019apostolo&#8230;<\/p>\n","protected":false},"author":3,"featured_media":0,"comment_status":"closed","ping_status":"closed","sticky":false,"template":"","format":"standard","meta":{"_kad_post_transparent":"","_kad_post_title":"","_kad_post_layout":"","_kad_post_sidebar_id":"","_kad_post_content_style":"","_kad_post_vertical_padding":"","_kad_post_feature":"","_kad_post_feature_position":"","_kad_post_header":false,"_kad_post_footer":false,"_kad_post_classname":"","footnotes":""},"categories":[102,114],"tags":[73,9],"class_list":["post-234091","post","type-post","status-publish","format-standard","hentry","category-102","category-angelus","tag-benedetto-xvi","tag-vaticano"],"_links":{"self":[{"href":"https:\/\/archivio.cercoiltuovolto.it\/index.php?rest_route=\/wp\/v2\/posts\/234091","targetHints":{"allow":["GET"]}}],"collection":[{"href":"https:\/\/archivio.cercoiltuovolto.it\/index.php?rest_route=\/wp\/v2\/posts"}],"about":[{"href":"https:\/\/archivio.cercoiltuovolto.it\/index.php?rest_route=\/wp\/v2\/types\/post"}],"author":[{"embeddable":true,"href":"https:\/\/archivio.cercoiltuovolto.it\/index.php?rest_route=\/wp\/v2\/users\/3"}],"replies":[{"embeddable":true,"href":"https:\/\/archivio.cercoiltuovolto.it\/index.php?rest_route=%2Fwp%2Fv2%2Fcomments&post=234091"}],"version-history":[{"count":0,"href":"https:\/\/archivio.cercoiltuovolto.it\/index.php?rest_route=\/wp\/v2\/posts\/234091\/revisions"}],"wp:attachment":[{"href":"https:\/\/archivio.cercoiltuovolto.it\/index.php?rest_route=%2Fwp%2Fv2%2Fmedia&parent=234091"}],"wp:term":[{"taxonomy":"category","embeddable":true,"href":"https:\/\/archivio.cercoiltuovolto.it\/index.php?rest_route=%2Fwp%2Fv2%2Fcategories&post=234091"},{"taxonomy":"post_tag","embeddable":true,"href":"https:\/\/archivio.cercoiltuovolto.it\/index.php?rest_route=%2Fwp%2Fv2%2Ftags&post=234091"}],"curies":[{"name":"wp","href":"https:\/\/api.w.org\/{rel}","templated":true}]}}