{"id":234075,"date":"2012-10-02T12:33:29","date_gmt":"2012-10-02T12:33:29","guid":{"rendered":"https:\/\/archivio.cercoiltuovolto.it\/?p=234075"},"modified":"2012-10-02T12:33:29","modified_gmt":"2012-10-02T12:33:29","slug":"e-il-giardino-creo-luomo","status":"publish","type":"post","link":"https:\/\/archivio.cercoiltuovolto.it\/?p=234075","title":{"rendered":"E il giardino cre\u00f2 l&#8217;uomo"},"content":{"rendered":"<p style=\"text-align: justify;\"><a href=\"http:\/\/www.cercoiltuovolto.it\/wp-content\/uploads\/2012\/10\/e-il-giardino-cre\u00f2-luomo.jpg\"><img loading=\"lazy\" decoding=\"async\" class=\"alignleft size-medium wp-image-25684\" title=\"e il giardino cre\u00f2 l'uomo\" src=\"http:\/\/www.cercoiltuovolto.it\/wp-content\/uploads\/2012\/10\/e-il-giardino-cre\u00f2-luomo-187x300.jpg\" alt=\"\" width=\"187\" height=\"300\" \/><\/a>Il giardino: ultimo rifugio della spiritualit\u00e0 e della poesia; ultima frontiera al di qua della barbarie e dell&#8217;alienazione; ultima utopia &#8211; ma un&#8217;utopia pratica, tangibile.<\/p>\n<p style=\"text-align: justify;\">Questi i temi che il giardiniere-filosofo Jorn de Pr\u00e9cy &#8211; attivo a cavallo fra Otto e Novecento e di cui poco si sa, ma che \u00e8 da sempre oggetto di venerazione da parte degli appassionati &#8211; ha riunito nel suo &#8220;E il giardino cre\u00f2 l&#8217;uomo&#8221;. Questo scritto vibrante \u00e8 soprattutto il manifesto di un&#8217;idea del giardino che l&#8217;autore riusc\u00ec a realizzare nella sua tenuta di Greystone, nell&#8217;Oxfordshire; un&#8217;idea straordinariamente attuale e ancora, nella sostanza come nella forma, rivoluzionaria, quella del giardino selvatico. Nel fare il giardino, l&#8217;uomo &#8211; sostiene de Pr\u00e9cy &#8211; deve restare in ascolto della natura, del genius loci, non forzare ma assecondare le forze che vi operano, mettendosi al loro servizio e riallacciando cos\u00ec il legame con il mondo naturale; il quale lo ripagher\u00e0 regalandogli il piacere pi\u00f9 compiuto e nello stesso tempo inesauribile, lo spettacolo della vita e delle stagioni.<\/p>\n<p style=\"text-align: justify;\">Trattato di storia dei giardini, memoir e nello stesso tempo appassionato pamphlet politico, &#8220;E il giardino cre\u00f2 l&#8217;uomo&#8221; \u00e8 anche il ritratto di un uomo originale e, a suo modo, enigmatico; al termine della lettura ci sembra di vederlo scomparire lungo uno dei sentieri dell&#8217;amato Greystone, a raggiungere gli d\u00e8i che si celano tra le sue piante.<\/p>\n<p>http:\/\/youtu.be\/qBknPSpo2RE<\/p>\n<p><div class=\"entry-content-asset videofit\"><iframe loading=\"lazy\" title=\"JORN DE PRECY e MARCO MARTELLA - E IL GIARDINO CREO&amp;apos; L&amp;apos;UOMO - Ponte alle Grazie\" width=\"720\" height=\"405\" src=\"https:\/\/www.youtube.com\/embed\/CVvjB1rSAcc?feature=oembed\" frameborder=\"0\" allow=\"accelerometer; autoplay; clipboard-write; encrypted-media; gyroscope; picture-in-picture; web-share\" referrerpolicy=\"strict-origin-when-cross-origin\" allowfullscreen><\/iframe><\/div>\n<\/p>\n<p class=\"acquista-paragrafo\"><a href=\"http:\/\/www.ibs.it\/code\/9788862205498\/de-pr-eacute-cy-jorn-zzz99\/e-il-giardino-cre-ograve.html?shop=3462\" target=\"_blank\">Acquista il libro<\/a> su IBS<\/p>\n","protected":false},"excerpt":{"rendered":"<p>Il giardino: ultimo rifugio della spiritualit\u00e0 e della poesia; ultima frontiera al di qua della barbarie e dell&#8217;alienazione; ultima utopia &#8211; ma un&#8217;utopia pratica, tangibile. Questi i temi che il giardiniere-filosofo Jorn de Pr\u00e9cy &#8211; attivo a cavallo fra Otto e Novecento e di cui poco si sa, ma che \u00e8 da sempre oggetto di&#8230;<\/p>\n","protected":false},"author":3,"featured_media":0,"comment_status":"closed","ping_status":"closed","sticky":false,"template":"","format":"standard","meta":{"_kad_post_transparent":"","_kad_post_title":"","_kad_post_layout":"","_kad_post_sidebar_id":"","_kad_post_content_style":"","_kad_post_vertical_padding":"","_kad_post_feature":"","_kad_post_feature_position":"","_kad_post_header":false,"_kad_post_footer":false,"_kad_post_classname":"","footnotes":""},"categories":[102,3],"tags":[17],"class_list":["post-234075","post","type-post","status-publish","format-standard","hentry","category-102","category-libri","tag-libri"],"_links":{"self":[{"href":"https:\/\/archivio.cercoiltuovolto.it\/index.php?rest_route=\/wp\/v2\/posts\/234075","targetHints":{"allow":["GET"]}}],"collection":[{"href":"https:\/\/archivio.cercoiltuovolto.it\/index.php?rest_route=\/wp\/v2\/posts"}],"about":[{"href":"https:\/\/archivio.cercoiltuovolto.it\/index.php?rest_route=\/wp\/v2\/types\/post"}],"author":[{"embeddable":true,"href":"https:\/\/archivio.cercoiltuovolto.it\/index.php?rest_route=\/wp\/v2\/users\/3"}],"replies":[{"embeddable":true,"href":"https:\/\/archivio.cercoiltuovolto.it\/index.php?rest_route=%2Fwp%2Fv2%2Fcomments&post=234075"}],"version-history":[{"count":0,"href":"https:\/\/archivio.cercoiltuovolto.it\/index.php?rest_route=\/wp\/v2\/posts\/234075\/revisions"}],"wp:attachment":[{"href":"https:\/\/archivio.cercoiltuovolto.it\/index.php?rest_route=%2Fwp%2Fv2%2Fmedia&parent=234075"}],"wp:term":[{"taxonomy":"category","embeddable":true,"href":"https:\/\/archivio.cercoiltuovolto.it\/index.php?rest_route=%2Fwp%2Fv2%2Fcategories&post=234075"},{"taxonomy":"post_tag","embeddable":true,"href":"https:\/\/archivio.cercoiltuovolto.it\/index.php?rest_route=%2Fwp%2Fv2%2Ftags&post=234075"}],"curies":[{"name":"wp","href":"https:\/\/api.w.org\/{rel}","templated":true}]}}