{"id":234050,"date":"2012-09-24T23:11:47","date_gmt":"2012-09-24T23:11:47","guid":{"rendered":"https:\/\/archivio.cercoiltuovolto.it\/?p=234050"},"modified":"2012-09-24T23:11:47","modified_gmt":"2012-09-24T23:11:47","slug":"benedetto-xvi-angelus-del-23-settembre-2012-in-mp3","status":"publish","type":"post","link":"https:\/\/archivio.cercoiltuovolto.it\/?p=234050","title":{"rendered":"Benedetto XVI &#8211; Angelus del 23 settembre 2012 in mp3"},"content":{"rendered":"<p style=\"text-align: center;\"><img loading=\"lazy\" decoding=\"async\" class=\"aligncenter size-full wp-image-25345\" title=\"angelus\" src=\"http:\/\/www.cercoiltuovolto.it\/wp-content\/uploads\/2012\/09\/angelus.jpg\" alt=\"\" width=\"670\" height=\"424\" \/>\u00a0\u00a0<\/p>\n<p><em>Cari fratelli e sorelle!<\/em><\/p>\n<p style=\"text-align: justify;\">Nel nostro cammino con il Vangelo di san Marco, domenica scorsa siamo entrati nella seconda parte, cio\u00e8 l\u2019ultimo viaggio verso Gerusalemme e verso il culmine della missione di Ges\u00f9. Dopo che Pietro, a nome dei discepoli, ha professato la fede in Lui riconoscendolo come il Messia (cfr\u00a0<em>Mc<\/em>\u00a08,29), Ges\u00f9 comincia a parlare apertamente di ci\u00f2 che gli accadr\u00e0 alla fine. L\u2019Evangelista riporta tre successive predizioni della morte e risurrezione, ai capitoli 8, 9 e 10: in esse Ges\u00f9 annuncia in modo sempre pi\u00f9 chiaro il destino che l\u2019attende e la sua intrinseca necessit\u00e0. Il brano di questa domenica contiene il secondo di questi annunci. Ges\u00f9 dice: \u00abIl Figlio dell\u2019uomo \u2013 espressione con cui designa se stesso \u2013 viene consegnato nelle mani degli uomini e lo uccideranno; ma, una volta ucciso, dopo tre giorni risorger\u00e0\u00bb (<em>Mc<\/em>\u00a09,31). I discepoli \u00abper\u00f2 non capivano queste parole e avevano timore di interrogarlo\u00bb (v. 32).<\/p>\n<ul>\n<li><a href=\"http:\/\/www.vatican.va\/holy_father\/benedict_xvi\/angelus\/2012\/documents\/hf_ben-xvi_ang_20120923_it.html\">Leggi tutto il messaggio<\/a> <em>\u00a9 Copyright 2012 &#8211; Libreria Editrice Vaticana<\/em><\/li>\n<li><a href=\"http:\/\/player.rv.va\/vaticanplayer.asp?language=it&amp;tic=VA_BNNKOU29\" target=\"_blank\"><em>Link al Video<\/em><\/a><\/li>\n<\/ul>\n<p><img loading=\"lazy\" decoding=\"async\" class=\"alignnone size-full wp-image-25340\" style=\"margin-bottom: -35px;\" title=\"ascolta-il-podcast\" src=\"http:\/\/www.cercoiltuovolto.it\/wp-content\/uploads\/2012\/09\/ascolta-il-podcast.png\" alt=\"\" width=\"277\" height=\"77\" \/><\/p>\n<div class=\"powerpressbox\">[powerpress]<\/div>\n<p style=\"text-align: justify;\"><strong>Fonte<\/strong>: Radio Vaticana via FeedRss<\/p>\n<p style=\"text-align: justify;\"><span style=\"font-size: xx-small;\"><em>(The content of this podcast is copyrighted by Vatican Radio which, according to its statute, is entrusted to manage and protect the sound recordings of the Roman Pontiff, ensuring that their pastoral character and intellectual property&#8217;s rights are protected when used by third parties. The content of this podcast is made available only for personal and private use and cannot be exploited for commercial purposes, without prior written authorization by Vatican Radio. For further information, please contact the International Relation Office at relint@vatiradio.va)<\/em><\/span><\/p>\n","protected":false},"excerpt":{"rendered":"<p>\u00a0\u00a0 Cari fratelli e sorelle! Nel nostro cammino con il Vangelo di san Marco, domenica scorsa siamo entrati nella seconda parte, cio\u00e8 l\u2019ultimo viaggio verso Gerusalemme e verso il culmine della missione di Ges\u00f9. Dopo che Pietro, a nome dei discepoli, ha professato la fede in Lui riconoscendolo come il Messia (cfr\u00a0Mc\u00a08,29), Ges\u00f9 comincia a&#8230;<\/p>\n","protected":false},"author":3,"featured_media":0,"comment_status":"closed","ping_status":"closed","sticky":false,"template":"","format":"standard","meta":{"_kad_post_transparent":"","_kad_post_title":"","_kad_post_layout":"","_kad_post_sidebar_id":"","_kad_post_content_style":"","_kad_post_vertical_padding":"","_kad_post_feature":"","_kad_post_feature_position":"","_kad_post_header":false,"_kad_post_footer":false,"_kad_post_classname":"","footnotes":""},"categories":[102,114],"tags":[73,9],"class_list":["post-234050","post","type-post","status-publish","format-standard","hentry","category-102","category-angelus","tag-benedetto-xvi","tag-vaticano"],"_links":{"self":[{"href":"https:\/\/archivio.cercoiltuovolto.it\/index.php?rest_route=\/wp\/v2\/posts\/234050","targetHints":{"allow":["GET"]}}],"collection":[{"href":"https:\/\/archivio.cercoiltuovolto.it\/index.php?rest_route=\/wp\/v2\/posts"}],"about":[{"href":"https:\/\/archivio.cercoiltuovolto.it\/index.php?rest_route=\/wp\/v2\/types\/post"}],"author":[{"embeddable":true,"href":"https:\/\/archivio.cercoiltuovolto.it\/index.php?rest_route=\/wp\/v2\/users\/3"}],"replies":[{"embeddable":true,"href":"https:\/\/archivio.cercoiltuovolto.it\/index.php?rest_route=%2Fwp%2Fv2%2Fcomments&post=234050"}],"version-history":[{"count":0,"href":"https:\/\/archivio.cercoiltuovolto.it\/index.php?rest_route=\/wp\/v2\/posts\/234050\/revisions"}],"wp:attachment":[{"href":"https:\/\/archivio.cercoiltuovolto.it\/index.php?rest_route=%2Fwp%2Fv2%2Fmedia&parent=234050"}],"wp:term":[{"taxonomy":"category","embeddable":true,"href":"https:\/\/archivio.cercoiltuovolto.it\/index.php?rest_route=%2Fwp%2Fv2%2Fcategories&post=234050"},{"taxonomy":"post_tag","embeddable":true,"href":"https:\/\/archivio.cercoiltuovolto.it\/index.php?rest_route=%2Fwp%2Fv2%2Ftags&post=234050"}],"curies":[{"name":"wp","href":"https:\/\/api.w.org\/{rel}","templated":true}]}}