{"id":234023,"date":"2012-09-17T17:18:56","date_gmt":"2012-09-17T17:18:56","guid":{"rendered":"https:\/\/archivio.cercoiltuovolto.it\/?p=234023"},"modified":"2012-09-17T17:18:56","modified_gmt":"2012-09-17T17:18:56","slug":"commento-al-vangelo-del-23-settembre-2012-paolo-curtaz","status":"publish","type":"post","link":"https:\/\/archivio.cercoiltuovolto.it\/?p=234023","title":{"rendered":"Commento al Vangelo del 23 settembre 2012 \u2013 Paolo Curtaz"},"content":{"rendered":"<p style=\"text-align: center;\">\n<div class=\"entry-content-asset videofit\"><iframe loading=\"lazy\" title=\"Commento al vangelo del 23 settembre 2012\" width=\"720\" height=\"405\" src=\"https:\/\/www.youtube.com\/embed\/PcIK95g3Iow?feature=oembed\" frameborder=\"0\" allow=\"accelerometer; autoplay; clipboard-write; encrypted-media; gyroscope; picture-in-picture; web-share\" referrerpolicy=\"strict-origin-when-cross-origin\" allowfullscreen><\/iframe><\/div>\n<\/p>\n<h2>VENTICINQUESIMA DOMENICA DURANTE L&#8217;ANNO<\/h2>\n<h3>SAP 2,12.17-20\/GC 3,16-4,3\/MC 9,29-36<\/h3>\n<p><strong>COME BAMBINI<\/strong><br \/>Per strada rischiamo di perdere la direzione giusta.<br \/>Comprensibile: poche indicazioni, molto traffico interiore, ostacoli visivi\u2026 e, soprattutto, guai a chiedere informazioni. Troppi vanno a caso, indicando luoghi senza esserci mai stati. E lo fanno con tale sfrontatezza e convinzione da apparire credibili.<br \/>Fatevi un giro in rete, o leggete qualche giornale su una questione di cui conoscete bene le sfumature, ad esempio, che so, il cardinal Martini, per restare legati all\u2019attualit\u00e0. Tuttologi e opinionisti forniscono chiavi di lettura che disorientano e sconcertano, senza andare all\u2019essenziale.<br \/>Cos\u00ec nella vita: se chiedete a qualcuno dove si trova la felicit\u00e0, rischiate di finire in una discarica.<br \/>Sono sempre esistiti i confusi che amano trascinare nella confusione, ovvio.<br \/>Gi\u00e0 ne parla il libro della Sapienza, scritto in greco nella pagana Alessandria per rafforzare la fede della numerosa comunit\u00e0 ebraica ivi presente. Guardati con sufficienza dalle nuove mode, derisi dagli ebrei che avevano abbracciato il paganesimo, i fedeli erano frastornati dalle cose che udivano. L\u2019autore del libro sacro \u00e8 molto chiaro: credere \u00e8 una scelta, seguire una certa strada, andare in una direzione, costa fatica, ma ne vale la pena.<br \/>Combattendo la parte oscura, la bramosia, la violenza che \u00e8 in noi, aggiungerebbe Giacomo alla sua comunit\u00e0, possiamo incontrare la verit\u00e0.<br \/>Cos\u00ec accade, oggi, a ciascuno di noi, in questi tempi difficili.<br \/>Il rischio \u00e8 quello di mollare.<br \/>O, peggio, di dare retta ai tanti gufi che, disamorati della vita, quasi godono nel fare proseliti del nulla.<br \/>Come i discepoli del vangelo di oggi.<\/p>\n<p class=\"link\" style=\"text-align: left;\"><a href=\"xxxxxxx\">Link al video<\/a><\/p>\n<p class=\"podcast\" style=\"text-align: left;\">[download id=&#8221;242&#8243;]<\/p>\n<p class=\"download\" style=\"text-align: left;\">[download id=&#8221;241&#8243;]<\/p>\n<p><strong>LA VIA<\/strong><br \/>Per la seconda volta Ges\u00f9 parla di croce, di morte e di resurrezione.<br \/>La sua volont\u00e0 di donarsi \u00e8 totale, Dio si consegna senza limiti, desidera pi\u00f9 di ogni altra cosa svelare il suo volto agli uomini, anche se questi lo rifiutano. Ges\u00f9 \u00e8 motivato e deciso: non \u00e8 disposto a cedere a compromessi, non \u00e8 disposto a barattare il vero Dio, anche se ci\u00f2 comportasse la morte.<br \/>Sono attoniti, i discepoli, come gi\u00e0 era accaduto con Pietro che lo aveva professato Messia. Non capiscono proprio di cosa stia parlando, il Signore\u2026<br \/>\u00c8 evidente la ragione dell\u2019incomprensione: sono tutti concentrati nello stabilire i propri ruoli, nel ritagliarsi una poltrona, nell\u2019ottenere benefici. Troppo ripiegati su loro stessi per accorgersi del Signore.<br \/>E Ges\u00f9, l\u2019immenso Ges\u00f9, il Rabbi Ges\u00f9, questo Dio paziente e misericordioso, ancora una volta si mette da parte, non pensa al proprio dolore, e insegna: \u201ctra voi non sia cos\u00ec\u2026\u201d<br \/>Che emozione, amici.<br \/>Che tristezza.<br \/>Tristezza, s\u00ec, perch\u00e9 gli apostoli ci assomigliano, siamo loro simili anche in questa piccineria insostenibile.<br \/>Tutti cerchiamo la gloria, anche spintonando, anche calpestando gli altri, e facciamo diventare normalit\u00e0 la barbarie che ci sta invadendo. Anche nella Chiesa.<br \/><strong>LOGICHE<\/strong><br \/>Portiamo scolpita nel cuore la logica del mondo.<br \/>Anche nella Chiesa necessitiamo continuamente di purificazione e di conversione. E non pensiamo solo all\u2019esteriorit\u00e0, ai privilegi, agli onori, pesante eredit\u00e0 di un passato che dobbiamo comunque rispettare, anche se va ridotto all\u2019essenziale.<br \/>La logica del mondo entra nelle nostre parrocchie, quando misuriamo l\u2019efficacia della pastorale con metodi da economisti.<br \/>O quando, santamente, ci prendiamo a coltellate (spirituali) per far prevalere la nostra prospettiva sugli altri. O quando (orribile!) rilasciamo patentini di ortodossia.<br \/>Ho visto parrocchie dividersi fra fautori del parroco di prima e di quello nuovo, fra viceparroco e parroco, fra catechisti ed educatori, fra associazioni e movimenti\u2026<br \/>\u00c8 dentro di noi la bramosia, sempre. Ges\u00f9, sedutosi come fanno i rabbini pronti ad insegnare, ci offre una soluzione: diventare come i bambini.<br \/><strong>BAMBINI<\/strong><br \/>Gli apostoli \u201cPrincipi della Chiesa\u201d?<br \/>No, miseri peccatori, miseri e meschini, come me, come voi.<br \/>Che ce ne saremmo fatti di splendidi discepoli?<br \/>Cosa avremmo capito, noi discepoli, dalle loro vite perfette?<br \/>Nelle loro fragilit\u00e0 scopriamo le nostre, nelle loro piccole miserie rispecchiamo le nostre e ne proviamo vergogna.<br \/>Al Rabb\u00ec dobbiamo guardare, non a noi, non alle nostre rivendicazioni ecclesiali, al nostro metterci a confronto per individuare chi abbia il carisma pi\u00f9 efficace.<br \/>La Chiesa non \u00e8 la comunit\u00e0 dei perfetti ma dei perdonati.<br \/>Gli apostoli pagheranno a caro prezzo la loro supponenza: davanti allo scandalo della croce e davanti alla loro paura ritroveranno l\u2019autenticit\u00e0 del loro cuore e diventeranno \u2013 finalmente \u2013 capaci di amare.<br \/>Fra noi non sia cos\u00ec: guardiamo ai bambini che tutto attendono dagli adulti, che si fidano, che attendono. Non diventiamo infantili, ma trasparenti e puri, desiderosi di essere presi in braccio da Dio, capaci di vedere la luce e la bellezza e il gioco in ogni evento.<br \/>Bambini nel cuore e nel giudizio, adulti nelle azioni e nella forza di amare.<br \/>Come Cristo.<\/p>\n<ul>\n<li>In autunno propongo un week.end coppie ad Albino, dal 12 al 14 ottobre. Ci sono ancora posti; per chi volesse prenotarsi: <a href=\"http:\/\/www.tiraccontolaparola.it\/download\/ita_Ritiri_2012_ottobre_12_14.pdf\" target=\"_blank\">http:\/\/www.tiraccontolaparola.it\/download\/ita_Ritiri_2012_ottobre_12_14.pdf<\/a><\/li>\n<li>Commento video al vangelo: www.youtube.com\/user\/paolocurtaz<\/li>\n<li>Conferenze di Paolo in autunno:\n<ul>\n<li>a Torino dom 30\/9 ore 18, Jubilate!, Circolo dei lettori, Via Bogino 9 \u2013 www.torinospiritualita.org;<\/li>\n<li>a Pavia mer 3\/10 ore 18, L\u2019amore e altri sport estremi, Libreria Paoline, Via Menocchio, 8<\/li>\n<li>Fossano ven 19\/10 ore 20.45, La famiglia \u00e8 in crisi? Sguardi e prospettive di speranza, Seminario di Fossano, viale Mellano 1 &#8211; Progetto diocesano con separati, divorziati e risposati<\/li>\n<\/ul>\n<\/li>\n<\/ul>\n<p class=\"link\" style=\"text-align: justify;\"><a href=\"http:\/\/www.paolocurtaz.it\">www.paolocurtaz.it<\/a><\/p>\n","protected":false},"excerpt":{"rendered":"<p>Il commento al Vangelo della domenica a cura del teologo e scrittore Paolo Curtaz.<\/p>\n","protected":false},"author":3,"featured_media":0,"comment_status":"closed","ping_status":"closed","sticky":false,"template":"","format":"standard","meta":{"_kad_post_transparent":"","_kad_post_title":"","_kad_post_layout":"","_kad_post_sidebar_id":"","_kad_post_content_style":"","_kad_post_vertical_padding":"","_kad_post_feature":"","_kad_post_feature_position":"","_kad_post_header":false,"_kad_post_footer":false,"_kad_post_classname":"","footnotes":""},"categories":[102,147],"tags":[223,172,83],"class_list":["post-234023","post","type-post","status-publish","format-standard","hentry","category-102","category-commento-al-vangelo","tag-paolo-curtaz","tag-vangelo-della-domenica","tag-youtube"],"_links":{"self":[{"href":"https:\/\/archivio.cercoiltuovolto.it\/index.php?rest_route=\/wp\/v2\/posts\/234023","targetHints":{"allow":["GET"]}}],"collection":[{"href":"https:\/\/archivio.cercoiltuovolto.it\/index.php?rest_route=\/wp\/v2\/posts"}],"about":[{"href":"https:\/\/archivio.cercoiltuovolto.it\/index.php?rest_route=\/wp\/v2\/types\/post"}],"author":[{"embeddable":true,"href":"https:\/\/archivio.cercoiltuovolto.it\/index.php?rest_route=\/wp\/v2\/users\/3"}],"replies":[{"embeddable":true,"href":"https:\/\/archivio.cercoiltuovolto.it\/index.php?rest_route=%2Fwp%2Fv2%2Fcomments&post=234023"}],"version-history":[{"count":0,"href":"https:\/\/archivio.cercoiltuovolto.it\/index.php?rest_route=\/wp\/v2\/posts\/234023\/revisions"}],"wp:attachment":[{"href":"https:\/\/archivio.cercoiltuovolto.it\/index.php?rest_route=%2Fwp%2Fv2%2Fmedia&parent=234023"}],"wp:term":[{"taxonomy":"category","embeddable":true,"href":"https:\/\/archivio.cercoiltuovolto.it\/index.php?rest_route=%2Fwp%2Fv2%2Fcategories&post=234023"},{"taxonomy":"post_tag","embeddable":true,"href":"https:\/\/archivio.cercoiltuovolto.it\/index.php?rest_route=%2Fwp%2Fv2%2Ftags&post=234023"}],"curies":[{"name":"wp","href":"https:\/\/api.w.org\/{rel}","templated":true}]}}