{"id":234018,"date":"2012-09-15T19:45:37","date_gmt":"2012-09-15T19:45:37","guid":{"rendered":"https:\/\/archivio.cercoiltuovolto.it\/?p=234018"},"modified":"2012-09-15T19:45:37","modified_gmt":"2012-09-15T19:45:37","slug":"commento-al-vangelo-di-domenica-16-settembre-2012-padre-bruno-secondin","status":"publish","type":"post","link":"https:\/\/archivio.cercoiltuovolto.it\/?p=234018","title":{"rendered":"Commento al Vangelo di domenica 16 settembre 2012 &#8211; padre Bruno Secondin"},"content":{"rendered":"<p style=\"text-align: center;\"><img loading=\"lazy\" decoding=\"async\" class=\"aligncenter size-full wp-image-14846\" style=\"border: 0px;\" title=\"padre carmelitano Bruno Secondin\" src=\"http:\/\/www.cercoiltuovolto.it\/wp\/wp-content\/uploads\/2010\/11\/secondin.png\" alt=\"\" width=\"412\" height=\"132\" \/><\/p>\n<p style=\"text-align: justify;\">In questa 24.ma Domenica del Tempo ordinario, la liturgia ci presenta il passo del Vangelo in cui Pietro, dopo aver riconosciuto che Ges\u00f9 \u00e8 il Cristo lo rimprovera quando parla della sua morte. Il Signore allora gli dice:<\/p>\n<blockquote>\n<p style=\"text-align: justify;\"><strong>\u00abVa&#8217; dietro a me, Satana! Perch\u00e9 tu non pensi secondo Dio, ma secondo gli uomini\u00bb.<\/strong><\/p>\n<\/blockquote>\n<p>Su questo brano del Vangelo, ascoltiamo il commento del carmelitano, padre Bruno Secondin, docente di Teologia spirituale alla Pontificia Universit\u00e0 Gregoriana:<\/p>\n<blockquote>\n<p style=\"text-align: justify;\">A ridosso di due festivit\u00e0 molto significative arriva questo Vangelo. Abbiamo celebrato la festa dell\u2019Esaltazione della Croce e proprio in questo sabato lo sguardo si posa sull\u2019Addolorata, avvolta nel manto nero del suo dolore. Ora il Vangelo della domenica ci presenta questa doppia scena di Pietro: in un attimo passa dalla esclamazione gioiosa rivolta a Ges\u00f9: \u201cTu sei il Cristo!\u201d, al rimprovero durissimo che Ges\u00f9 gli fa: \u201cVa\u2019, dietro a me, Satana!\u201d Si rimane sconcertati, e lo sar\u00e0 rimasto ancor pi\u00f9 Pietro, anche se Marco non ci rivela altri particolari. In fondo Pietro pensava come molti di noi pensano: Ges\u00f9 \u00e8 il Messia, il Redentore, il Santo, la rivelazione di Dio Padre. E quindi non \u00e8 proprio il caso di pensarlo umiliato, malconcio, peggio, morto massacrato. Eppure la sua gloria \u00e8 proprio nell\u2019essere un crocifisso amore, \u00e8 una gloria vissuta con altra logica, quella del servizio. La morte di croce non \u00e8 un incidente fuori programma, non \u00e8 un fantasma da togliere via: \u00e8 il sigillo della sua vera identit\u00e0, la prova certa della sua totale dedizione al nostro bene. \u00c8 anche la strada dei veri discepoli, che seguono il Maestro, e portano cos\u00ec ogni giorno la fatica del mondo a lasciarsi rinnovare.<\/p>\n<\/blockquote>\n<p class=\"link\" style=\"text-align: justify;\">Fonte: <a href=\"http:\/\/it.radiovaticana.va\/\/news\/2012\/09\/15\/il_commento_di_padre_bruno_secondin_al_vangelo_della_domenica\/it1-621384\" target=\"_blank\">RadioVaticana<\/a><\/p>\n<div class=\"powerpressbox\">[powerpress]<\/div>\n","protected":false},"excerpt":{"rendered":"<p>In questa 24.ma Domenica del Tempo ordinario, la liturgia ci presenta il passo del Vangelo in cui Pietro, dopo aver riconosciuto che Ges\u00f9 \u00e8 il Cristo lo rimprovera quando parla della sua morte. Il Signore allora gli dice: \u00abVa&#8217; dietro a me, Satana! Perch\u00e9 tu non pensi secondo Dio, ma secondo gli uomini\u00bb. Su questo&#8230;<\/p>\n","protected":false},"author":3,"featured_media":0,"comment_status":"closed","ping_status":"closed","sticky":false,"template":"","format":"standard","meta":{"_kad_post_transparent":"","_kad_post_title":"","_kad_post_layout":"","_kad_post_sidebar_id":"","_kad_post_content_style":"","_kad_post_vertical_padding":"","_kad_post_feature":"","_kad_post_feature_position":"","_kad_post_header":false,"_kad_post_footer":false,"_kad_post_classname":"","footnotes":""},"categories":[102,147],"tags":[27,172],"class_list":["post-234018","post","type-post","status-publish","format-standard","hentry","category-102","category-commento-al-vangelo","tag-radio-vaticana","tag-vangelo-della-domenica"],"_links":{"self":[{"href":"https:\/\/archivio.cercoiltuovolto.it\/index.php?rest_route=\/wp\/v2\/posts\/234018","targetHints":{"allow":["GET"]}}],"collection":[{"href":"https:\/\/archivio.cercoiltuovolto.it\/index.php?rest_route=\/wp\/v2\/posts"}],"about":[{"href":"https:\/\/archivio.cercoiltuovolto.it\/index.php?rest_route=\/wp\/v2\/types\/post"}],"author":[{"embeddable":true,"href":"https:\/\/archivio.cercoiltuovolto.it\/index.php?rest_route=\/wp\/v2\/users\/3"}],"replies":[{"embeddable":true,"href":"https:\/\/archivio.cercoiltuovolto.it\/index.php?rest_route=%2Fwp%2Fv2%2Fcomments&post=234018"}],"version-history":[{"count":0,"href":"https:\/\/archivio.cercoiltuovolto.it\/index.php?rest_route=\/wp\/v2\/posts\/234018\/revisions"}],"wp:attachment":[{"href":"https:\/\/archivio.cercoiltuovolto.it\/index.php?rest_route=%2Fwp%2Fv2%2Fmedia&parent=234018"}],"wp:term":[{"taxonomy":"category","embeddable":true,"href":"https:\/\/archivio.cercoiltuovolto.it\/index.php?rest_route=%2Fwp%2Fv2%2Fcategories&post=234018"},{"taxonomy":"post_tag","embeddable":true,"href":"https:\/\/archivio.cercoiltuovolto.it\/index.php?rest_route=%2Fwp%2Fv2%2Ftags&post=234018"}],"curies":[{"name":"wp","href":"https:\/\/api.w.org\/{rel}","templated":true}]}}