{"id":234005,"date":"2012-09-12T10:02:42","date_gmt":"2012-09-12T10:02:42","guid":{"rendered":"https:\/\/archivio.cercoiltuovolto.it\/?p=234005"},"modified":"2012-09-12T10:02:42","modified_gmt":"2012-09-12T10:02:42","slug":"esaltazione-della-santa-croce","status":"publish","type":"post","link":"https:\/\/archivio.cercoiltuovolto.it\/?p=234005","title":{"rendered":"Esaltazione della Santa Croce"},"content":{"rendered":"<p style=\"text-align: center;\">\u00a0<\/p>\n<p style=\"text-align: left;\">La liturgista\u00a0<strong>suor Cristina Cruciani<\/strong>\u00a0spiega l\u2019origine e il significato della festa dell\u2019Esaltazione della Santa Croce [via <a href=\"http:\/\/it.radiovaticana.va\/orc\/Articolo.asp?c=620190\" target=\"_blank\">Radio Vaticana<\/a>].<\/p>\n<p><img loading=\"lazy\" decoding=\"async\" class=\"alignnone size-full wp-image-25340\" style=\"margin-bottom: -35px;\" title=\"ascolta-il-podcast\" src=\"http:\/\/www.cercoiltuovolto.it\/wp-content\/uploads\/2012\/09\/ascolta-il-podcast.png\" alt=\"\" width=\"277\" height=\"77\" \/><\/p>\n<div class=\"powerpressbox\">[powerpress]<\/div>\n<blockquote><p><a style=\"text-align: center;\" href=\"http:\/\/www.cercoiltuovolto.it\/wp-content\/uploads\/2012\/09\/esaltazione_santa_croce.jpg\"><img loading=\"lazy\" decoding=\"async\" class=\"wp-image-25424 alignleft\" title=\"esaltazione_santa_croce\" src=\"http:\/\/www.cercoiltuovolto.it\/wp-content\/uploads\/2012\/09\/esaltazione_santa_croce.jpg\" alt=\"\" width=\"346\" height=\"428\" \/><\/a><\/p>\n<p style=\"text-align: justify;\">La festa in onore della Croce venne celebrata la prima volta nel 335, in occasione della \u201cCrucem\u201d sul Golgota, e quella dell'&#8221;An\u00e0stasis&#8221;, cio\u00e8 della Risurrezione. La dedicazione avvenne il 13 dicembre. Col termine di &#8220;esaltazione&#8221;, che traduce il greco hyps\u00f2sis, la festa pass\u00f2 anche in Occidente, e a partire dal secolo VII, essa voleva commemorare il recupero della preziosa reliquia fatto dall&#8217;imperatore Eraclio nel 628. Della Croce trafugata quattordici anni prima dal re persiano Cosroe Parviz, durante la conquista della Citt\u00e0 santa, si persero definitivamente le tracce nel 1187, quando venne tolta al vescovo di Betlem che l&#8217;aveva portata nella battaglia di Hattin.<br \/>La celebrazione odierna assume un significato ben pi\u00f9 alto del leggendario ritrovamento da parte della pia madre dell&#8217;imperatore Costantino, Elena. La glorificazione di Cristo passa attraverso il supplizio della croce e l&#8217;antitesi sofferenza-glorificazione diventa fondamentale nella storia della Redenzione: Cristo, incarnato nella sua realt\u00e0 concreta umano-divina, si sottomette volontariamente all&#8217;umiliante condizione di schiavo (la croce, dal latino &#8220;crux&#8221;, cio\u00e8 tormento, era riservata agli schiavi) e l&#8217;infamante supplizio viene tramutato in gloria imperitura. Cos\u00ec la croce diventa il simbolo e il compendio della religione cristiana.<br \/>La stessa evangelizzazione, operata dagli apostoli, \u00e8 la semplice presentazione di &#8220;Cristo crocifisso&#8221;. Il cristiano, accettando questa verit\u00e0, &#8220;\u00e8 crocifisso con Cristo&#8221;, cio\u00e8 deve portare quotidianamente la propria croce, sopportando ingiurie e sofferenze, come Cristo, gravato dal peso del &#8220;patibulum&#8221; (il braccio trasversale della croce, che il condannato portava sulle spalle fino al luogo del supplizio dov&#8217;era conficcato stabilmente il palo verticale), fu costretto a esporsi agli insulti della gente sulla via che conduceva al Golgota. Le sofferenze che riproducono nel corpo mistico della Chiesa lo stato di morte di Cristo, sono un contributo alla redenzione degli uomini, e assicurano la partecipazione alla gloria del Risorto.<\/p>\n<p><span style=\"color: #ff3300;\">Autore:\u00a0<\/span>Piero Bargellini | Fonte: <a href=\"http:\/\/www.santiebeati.it\/dettaglio\/21500\" target=\"_blank\">Santi e Beati<\/a><\/p>\n<\/blockquote>\n","protected":false},"excerpt":{"rendered":"<p>\u00a0 La liturgista\u00a0suor Cristina Cruciani\u00a0spiega l\u2019origine e il significato della festa dell\u2019Esaltazione della Santa Croce [via Radio Vaticana]. [powerpress] La festa in onore della Croce venne celebrata la prima volta nel 335, in occasione della \u201cCrucem\u201d sul Golgota, e quella dell&#8217;&#8221;An\u00e0stasis&#8221;, cio\u00e8 della Risurrezione. La dedicazione avvenne il 13 dicembre. Col termine di &#8220;esaltazione&#8221;, che&#8230;<\/p>\n","protected":false},"author":3,"featured_media":0,"comment_status":"closed","ping_status":"closed","sticky":false,"template":"","format":"standard","meta":{"_kad_post_transparent":"","_kad_post_title":"","_kad_post_layout":"","_kad_post_sidebar_id":"","_kad_post_content_style":"","_kad_post_vertical_padding":"","_kad_post_feature":"","_kad_post_feature_position":"","_kad_post_header":false,"_kad_post_footer":false,"_kad_post_classname":"","footnotes":""},"categories":[102,4],"tags":[646,27],"class_list":["post-234005","post","type-post","status-publish","format-standard","hentry","category-102","category-audio-cattolici","tag-esaltazione-della-croce","tag-radio-vaticana"],"_links":{"self":[{"href":"https:\/\/archivio.cercoiltuovolto.it\/index.php?rest_route=\/wp\/v2\/posts\/234005","targetHints":{"allow":["GET"]}}],"collection":[{"href":"https:\/\/archivio.cercoiltuovolto.it\/index.php?rest_route=\/wp\/v2\/posts"}],"about":[{"href":"https:\/\/archivio.cercoiltuovolto.it\/index.php?rest_route=\/wp\/v2\/types\/post"}],"author":[{"embeddable":true,"href":"https:\/\/archivio.cercoiltuovolto.it\/index.php?rest_route=\/wp\/v2\/users\/3"}],"replies":[{"embeddable":true,"href":"https:\/\/archivio.cercoiltuovolto.it\/index.php?rest_route=%2Fwp%2Fv2%2Fcomments&post=234005"}],"version-history":[{"count":0,"href":"https:\/\/archivio.cercoiltuovolto.it\/index.php?rest_route=\/wp\/v2\/posts\/234005\/revisions"}],"wp:attachment":[{"href":"https:\/\/archivio.cercoiltuovolto.it\/index.php?rest_route=%2Fwp%2Fv2%2Fmedia&parent=234005"}],"wp:term":[{"taxonomy":"category","embeddable":true,"href":"https:\/\/archivio.cercoiltuovolto.it\/index.php?rest_route=%2Fwp%2Fv2%2Fcategories&post=234005"},{"taxonomy":"post_tag","embeddable":true,"href":"https:\/\/archivio.cercoiltuovolto.it\/index.php?rest_route=%2Fwp%2Fv2%2Ftags&post=234005"}],"curies":[{"name":"wp","href":"https:\/\/api.w.org\/{rel}","templated":true}]}}