{"id":233968,"date":"2012-09-02T17:55:03","date_gmt":"2012-09-02T17:55:03","guid":{"rendered":"https:\/\/archivio.cercoiltuovolto.it\/?p=233968"},"modified":"2012-09-02T17:55:03","modified_gmt":"2012-09-02T17:55:03","slug":"documentario-clarisse-di-liliana-cavani","status":"publish","type":"post","link":"https:\/\/archivio.cercoiltuovolto.it\/?p=233968","title":{"rendered":"Documentario: Clarisse, di Liliana Cavani"},"content":{"rendered":"<p><a href=\"http:\/\/www.cercoiltuovolto.it\/wp-content\/uploads\/2012\/09\/liliana-cavani.jpg\"><img loading=\"lazy\" decoding=\"async\" class=\"aligncenter  wp-image-25243\" title=\"liliana-cavani\" src=\"http:\/\/www.cercoiltuovolto.it\/wp-content\/uploads\/2012\/09\/liliana-cavani.jpg\" alt=\"\" width=\"614\" height=\"411\" \/><\/a><\/p>\n<h4>Il documentario consiste in un\u2019intervista realizzata in una comunit\u00e0 di suore di clausura per conoscere la loro vita e che cosa pensano.<\/h4>\n<p style=\"text-align: justify;\"><strong>Commento del regista<\/strong><br \/>Da un pezzo avevo una curiosit\u00e0. Volevo incontrare una comunit\u00e0 di Clarisse per sapere come vivono oggi e che cosa pensano. \u00c8 una comunit\u00e0 nata con Chiara d\u2019Assisi che nel 1212 lascia di nascosto la famiglia per inserirsi nella \u201cFraternitas\u201d di Francesco. Volevo filmare un incontro fatto di domande per\u00f2 senza fare prove o preparazione di alcun genere, per non perdere la freschezza dell\u2019improvvisazione. E cos\u00ec \u00e8 accaduto davanti a due camere, una per il totale fisso e una che facesse primi piani a quelle che via via decidevano di rispondere. La spontaneit\u00e0 e la libert\u00e0 dovevano essere la cifra dell\u2019incontro, che mi avrebbe permesso di capire che persone sono e le eventuali vivezza e ricchezza interiori.<br \/>Fin dall\u2019inizio io e i sei tecnici collaboratori siamo stati coinvolti con emozione dentro quelle vite avventurose.<\/p>\n<div class=\"powerpressbox\">\n<h3>Ascolta l&#8217;intervento di <a href=\"http:\/\/it.radiovaticana.va\/news\/2012\/08\/31\/_clarisse__di_liliana_cavani._fuori_concorso_alla_mostra_del_cinema_di\/it1-617392\" target=\"_blank\">Radio Vaticana<\/a><\/h3>\n<p>[powerpress]<\/p><\/div>\n<p><div class=\"entry-content-asset videofit\"><iframe loading=\"lazy\" title=\"69th Venice Film Festival - Clarisse\" width=\"720\" height=\"405\" src=\"https:\/\/www.youtube.com\/embed\/VrR3P4fRnck?feature=oembed\" frameborder=\"0\" allow=\"accelerometer; autoplay; clipboard-write; encrypted-media; gyroscope; picture-in-picture; web-share\" referrerpolicy=\"strict-origin-when-cross-origin\" allowfullscreen><\/iframe><\/div><\/p>\n","protected":false},"excerpt":{"rendered":"<p>Il documentario consiste in un\u2019intervista realizzata in una comunit\u00e0 di suore di clausura per conoscere la loro vita e che cosa pensano. Commento del registaDa un pezzo avevo una curiosit\u00e0. Volevo incontrare una comunit\u00e0 di Clarisse per sapere come vivono oggi e che cosa pensano. \u00c8 una comunit\u00e0 nata con Chiara d\u2019Assisi che nel 1212&#8230;<\/p>\n","protected":false},"author":3,"featured_media":0,"comment_status":"closed","ping_status":"closed","sticky":false,"template":"","format":"standard","meta":{"_kad_post_transparent":"","_kad_post_title":"","_kad_post_layout":"","_kad_post_sidebar_id":"","_kad_post_content_style":"","_kad_post_vertical_padding":"","_kad_post_feature":"","_kad_post_feature_position":"","_kad_post_header":false,"_kad_post_footer":false,"_kad_post_classname":"","footnotes":""},"categories":[102,155],"tags":[35,113],"class_list":["post-233968","post","type-post","status-publish","format-standard","hentry","category-102","category-documentario","tag-film","tag-video"],"_links":{"self":[{"href":"https:\/\/archivio.cercoiltuovolto.it\/index.php?rest_route=\/wp\/v2\/posts\/233968","targetHints":{"allow":["GET"]}}],"collection":[{"href":"https:\/\/archivio.cercoiltuovolto.it\/index.php?rest_route=\/wp\/v2\/posts"}],"about":[{"href":"https:\/\/archivio.cercoiltuovolto.it\/index.php?rest_route=\/wp\/v2\/types\/post"}],"author":[{"embeddable":true,"href":"https:\/\/archivio.cercoiltuovolto.it\/index.php?rest_route=\/wp\/v2\/users\/3"}],"replies":[{"embeddable":true,"href":"https:\/\/archivio.cercoiltuovolto.it\/index.php?rest_route=%2Fwp%2Fv2%2Fcomments&post=233968"}],"version-history":[{"count":0,"href":"https:\/\/archivio.cercoiltuovolto.it\/index.php?rest_route=\/wp\/v2\/posts\/233968\/revisions"}],"wp:attachment":[{"href":"https:\/\/archivio.cercoiltuovolto.it\/index.php?rest_route=%2Fwp%2Fv2%2Fmedia&parent=233968"}],"wp:term":[{"taxonomy":"category","embeddable":true,"href":"https:\/\/archivio.cercoiltuovolto.it\/index.php?rest_route=%2Fwp%2Fv2%2Fcategories&post=233968"},{"taxonomy":"post_tag","embeddable":true,"href":"https:\/\/archivio.cercoiltuovolto.it\/index.php?rest_route=%2Fwp%2Fv2%2Ftags&post=233968"}],"curies":[{"name":"wp","href":"https:\/\/api.w.org\/{rel}","templated":true}]}}