{"id":233965,"date":"2012-09-02T12:10:56","date_gmt":"2012-09-02T12:10:56","guid":{"rendered":"https:\/\/archivio.cercoiltuovolto.it\/?p=233965"},"modified":"2012-09-02T12:10:56","modified_gmt":"2012-09-02T12:10:56","slug":"commento-al-vangelo-di-domenica-9-settembre-2012-p-fernando-armellini","status":"publish","type":"post","link":"https:\/\/archivio.cercoiltuovolto.it\/?p=233965","title":{"rendered":"Commento al Vangelo di domenica 9 settembre 2012 &#8211; p. Fernando Armellini"},"content":{"rendered":"<p style=\"text-align: center;\">\n<div class=\"entry-content-asset videofit\"><iframe loading=\"lazy\" title=\"23a domenica del tempo ordinario - anno B -\" width=\"720\" height=\"405\" src=\"https:\/\/www.youtube.com\/embed\/n4NSSUwHVmo?feature=oembed\" frameborder=\"0\" allow=\"accelerometer; autoplay; clipboard-write; encrypted-media; gyroscope; picture-in-picture; web-share\" referrerpolicy=\"strict-origin-when-cross-origin\" allowfullscreen><\/iframe><\/div>\n<\/p>\n<p style=\"text-align: center;\"><img loading=\"lazy\" decoding=\"async\" class=\"aligncenter size-full wp-image-15492\" style=\"border: 0pt none;\" title=\"p. Fernando Armellini\" src=\"http:\/\/www.cercoiltuovolto.it\/wp-content\/uploads\/2010\/11\/armellini.png\" alt=\"\" width=\"475\" height=\"132\" \/><\/p>\n<p><a href=\"http:\/\/www.dehoniani.it\/fernando\/\">Padre Fernando Armellini, biblista Dehoniano<\/a>, commenta il Vangelo di domenica prossima.<\/p>\n<blockquote style=\"text-align: justify;\">\n<p><em>Mc 7, 31-37<\/em><br \/><em>Dal Vangelo secondo\u00a0Marco<\/em><\/p>\n<p>In quel tempo, Ges\u00f9, uscito dalla regione di Tiro, passando per Sid\u00f2ne, venne verso il mare di Galilea in pieno territorio della Dec\u00e0poli.<br \/>Gli portarono un sordomuto e lo pregarono di imporgli la mano. Lo prese in disparte, lontano dalla folla, gli pose le dita negli orecchi e con la saliva gli tocc\u00f2 la lingua; guardando quindi verso il cielo, emise un sospiro e gli disse: \u00abEffat\u00e0\u00bb, cio\u00e8: \u00abApriti!\u00bb. E subito gli si aprirono gli orecchi, si sciolse il nodo della sua lingua e parlava correttamente.<br \/>E comand\u00f2 loro di non dirlo a nessuno. Ma pi\u00f9 egli lo proibiva, pi\u00f9 essi lo proclamavano e, pieni di stupore, dicevano: \u00abHa fatto bene ogni cosa: fa udire i sordi e fa parlare i muti!\u00bb.<\/p>\n<p>C: Parola del Signore.<br \/>A: Lode a Te o Cristo.<\/p>\n<\/blockquote>\n","protected":false},"excerpt":{"rendered":"<p>Padre Fernando Armellini, biblista Dehoniano, commenta il Vangelo di domenica prossima. Mc 7, 31-37Dal Vangelo secondo\u00a0Marco In quel tempo, Ges\u00f9, uscito dalla regione di Tiro, passando per Sid\u00f2ne, venne verso il mare di Galilea in pieno territorio della Dec\u00e0poli.Gli portarono un sordomuto e lo pregarono di imporgli la mano. Lo prese in disparte, lontano dalla&#8230;<\/p>\n","protected":false},"author":3,"featured_media":0,"comment_status":"closed","ping_status":"closed","sticky":false,"template":"","format":"standard","meta":{"_kad_post_transparent":"","_kad_post_title":"","_kad_post_layout":"","_kad_post_sidebar_id":"","_kad_post_content_style":"","_kad_post_vertical_padding":"","_kad_post_feature":"","_kad_post_feature_position":"","_kad_post_header":false,"_kad_post_footer":false,"_kad_post_classname":"","footnotes":""},"categories":[102,147],"tags":[429,172,83],"class_list":["post-233965","post","type-post","status-publish","format-standard","hentry","category-102","category-commento-al-vangelo","tag-p-fernando-armellini","tag-vangelo-della-domenica","tag-youtube"],"_links":{"self":[{"href":"https:\/\/archivio.cercoiltuovolto.it\/index.php?rest_route=\/wp\/v2\/posts\/233965","targetHints":{"allow":["GET"]}}],"collection":[{"href":"https:\/\/archivio.cercoiltuovolto.it\/index.php?rest_route=\/wp\/v2\/posts"}],"about":[{"href":"https:\/\/archivio.cercoiltuovolto.it\/index.php?rest_route=\/wp\/v2\/types\/post"}],"author":[{"embeddable":true,"href":"https:\/\/archivio.cercoiltuovolto.it\/index.php?rest_route=\/wp\/v2\/users\/3"}],"replies":[{"embeddable":true,"href":"https:\/\/archivio.cercoiltuovolto.it\/index.php?rest_route=%2Fwp%2Fv2%2Fcomments&post=233965"}],"version-history":[{"count":0,"href":"https:\/\/archivio.cercoiltuovolto.it\/index.php?rest_route=\/wp\/v2\/posts\/233965\/revisions"}],"wp:attachment":[{"href":"https:\/\/archivio.cercoiltuovolto.it\/index.php?rest_route=%2Fwp%2Fv2%2Fmedia&parent=233965"}],"wp:term":[{"taxonomy":"category","embeddable":true,"href":"https:\/\/archivio.cercoiltuovolto.it\/index.php?rest_route=%2Fwp%2Fv2%2Fcategories&post=233965"},{"taxonomy":"post_tag","embeddable":true,"href":"https:\/\/archivio.cercoiltuovolto.it\/index.php?rest_route=%2Fwp%2Fv2%2Ftags&post=233965"}],"curies":[{"name":"wp","href":"https:\/\/api.w.org\/{rel}","templated":true}]}}