{"id":233955,"date":"2012-08-31T06:05:30","date_gmt":"2012-08-31T06:05:30","guid":{"rendered":"https:\/\/archivio.cercoiltuovolto.it\/?p=233955"},"modified":"2012-08-31T06:05:30","modified_gmt":"2012-08-31T06:05:30","slug":"cammino-di-santiago-il-viaggio-promesso","status":"publish","type":"post","link":"https:\/\/archivio.cercoiltuovolto.it\/?p=233955","title":{"rendered":"Cammino di Santiago, il viaggio promesso"},"content":{"rendered":"<p style=\"text-align: left;\"><img loading=\"lazy\" decoding=\"async\" class=\"size-large wp-image-25074 aligncenter\" title=\"CaminoMap\" src=\"http:\/\/www.cercoiltuovolto.it\/wp-content\/uploads\/2012\/08\/CaminoMap-590x297.jpg\" alt=\"\" width=\"590\" height=\"297\" \/>Il cammino di Santiago, che arriva fino a Compostela \u00e8 uno dei pellegrinaggi pi\u00f9 conosciuti nella storia della cristianit\u00e0.<\/p>\n<p style=\"text-align: justify;\">Nell &#8216;anno 813 l &#8216;eremita Pelayo vide, per molti giorni successivi, una pioggia di stelle cadere sopra un colle. Una notte gli apparve in sogno San Giacomo che gli svel\u00f2 che il luogo delle luci indicava la sua tomba. L&#8217;abate rimosse la terra che nei secoli si era depositata e scopr\u00ec il sepolcro. Di qui inizi\u00f2 il culto di Santiago (il nome \u00e8 la contrazione di San Giacomo). Fu costruita una piccola chiesa sul luogo del sepolcro; ben presto sorse intorno una citt\u00e0 che fu denominata Santiago de Compostela (da campus stellae).<\/p>\n<p style=\"text-align: justify;\">Lungo il percorso si svilupp\u00f2 una rete di servizi per il sostentamento dei pellegrini: chiese, monasteri, alloggi, ospizi, ospedali, locande, molti dei quali ancora visibili ai nostri giorni. Lungo il cammino nacquero paesi e citt\u00e0, furono costruite strade, ponti. Della protezione dei pellegrini dagli assalti dei briganti si occuparono per un lungo periodo molti ordini ospitaleri: tra essi principalmente i Templari (fino al loro scioglimento &#8211; secolo XIII). Molti re e personaggi noti effettuarono il pellegrinaggio: San Francesco fu uno di questi.<\/p>\n<p style=\"text-align: justify;\">Ogni anno migliaia di persone, di svariate etnie, percorrono i vari percorsi che portano a Santiago di Compostela.<\/p>\n<h4 style=\"text-align: justify;\">Link utile: <a href=\"http:\/\/www.turgalicia.es\/Default.asp?cidi=T\" target=\"_blank\">il sito del Turismo in Galzia<\/a><\/h4>\n<p style=\"text-align: center;\">\n<p style=\"text-align: center;\">\n<div class=\"entry-content-asset videofit\"><iframe loading=\"lazy\" title=\"Camino de Santiago campa\u00f1a 2011\" width=\"720\" height=\"405\" src=\"https:\/\/www.youtube.com\/embed\/rhvzvyIltMQ?feature=oembed\" frameborder=\"0\" allow=\"accelerometer; autoplay; clipboard-write; encrypted-media; gyroscope; picture-in-picture; web-share\" referrerpolicy=\"strict-origin-when-cross-origin\" allowfullscreen><\/iframe><\/div><\/p>\n","protected":false},"excerpt":{"rendered":"<p>Il cammino di Santiago, che arriva fino a Compostela \u00e8 uno dei pellegrinaggi pi\u00f9 conosciuti nella storia della cristianit\u00e0. Nell &#8216;anno 813 l &#8216;eremita Pelayo vide, per molti giorni successivi, una pioggia di stelle cadere sopra un colle. Una notte gli apparve in sogno San Giacomo che gli svel\u00f2 che il luogo delle luci indicava&#8230;<\/p>\n","protected":false},"author":3,"featured_media":0,"comment_status":"closed","ping_status":"closed","sticky":false,"template":"","format":"standard","meta":{"_kad_post_transparent":"","_kad_post_title":"","_kad_post_layout":"","_kad_post_sidebar_id":"","_kad_post_content_style":"","_kad_post_vertical_padding":"","_kad_post_feature":"","_kad_post_feature_position":"","_kad_post_header":false,"_kad_post_footer":false,"_kad_post_classname":"","footnotes":""},"categories":[102,641],"tags":[413,642,113],"class_list":["post-233955","post","type-post","status-publish","format-standard","hentry","category-102","category-pellegrinaggio","tag-santiago","tag-viaggi","tag-video"],"_links":{"self":[{"href":"https:\/\/archivio.cercoiltuovolto.it\/index.php?rest_route=\/wp\/v2\/posts\/233955","targetHints":{"allow":["GET"]}}],"collection":[{"href":"https:\/\/archivio.cercoiltuovolto.it\/index.php?rest_route=\/wp\/v2\/posts"}],"about":[{"href":"https:\/\/archivio.cercoiltuovolto.it\/index.php?rest_route=\/wp\/v2\/types\/post"}],"author":[{"embeddable":true,"href":"https:\/\/archivio.cercoiltuovolto.it\/index.php?rest_route=\/wp\/v2\/users\/3"}],"replies":[{"embeddable":true,"href":"https:\/\/archivio.cercoiltuovolto.it\/index.php?rest_route=%2Fwp%2Fv2%2Fcomments&post=233955"}],"version-history":[{"count":0,"href":"https:\/\/archivio.cercoiltuovolto.it\/index.php?rest_route=\/wp\/v2\/posts\/233955\/revisions"}],"wp:attachment":[{"href":"https:\/\/archivio.cercoiltuovolto.it\/index.php?rest_route=%2Fwp%2Fv2%2Fmedia&parent=233955"}],"wp:term":[{"taxonomy":"category","embeddable":true,"href":"https:\/\/archivio.cercoiltuovolto.it\/index.php?rest_route=%2Fwp%2Fv2%2Fcategories&post=233955"},{"taxonomy":"post_tag","embeddable":true,"href":"https:\/\/archivio.cercoiltuovolto.it\/index.php?rest_route=%2Fwp%2Fv2%2Ftags&post=233955"}],"curies":[{"name":"wp","href":"https:\/\/api.w.org\/{rel}","templated":true}]}}