{"id":233950,"date":"2012-08-29T15:15:08","date_gmt":"2012-08-29T15:15:08","guid":{"rendered":"https:\/\/archivio.cercoiltuovolto.it\/?p=233950"},"modified":"2012-08-29T15:15:08","modified_gmt":"2012-08-29T15:15:08","slug":"commento-al-vangelo-di-domenica-2-settembre-2012-don-giorgio-zevini","status":"publish","type":"post","link":"https:\/\/archivio.cercoiltuovolto.it\/?p=233950","title":{"rendered":"Commento al Vangelo di domenica 2 settembre 2012 &#8211; don Giorgio Zevini"},"content":{"rendered":"<p style=\"text-align: center;\"><a href=\"http:\/\/www.cercoiltuovolto.it\/\/wp-content\/uploads\/2010\/11\/zevini.png\"><img loading=\"lazy\" decoding=\"async\" class=\"aligncenter\" style=\"border: 0pt none;\" title=\"don Giorgio Zevini\" src=\"http:\/\/www.cercoiltuovolto.it\/\/wp-content\/uploads\/2010\/11\/zevini.png\" alt=\"\" width=\"475\" height=\"150\" \/><\/a><\/p>\n<blockquote>\n<div>\n<h3>Mc 7,1-8.14-15.21-23<\/h3>\n<\/div>\n<div>Trascurando il comandamento di Dio, voi osservate la tradizione degli uomini.<\/div>\n<div>\n<div>Dal Vangelo secondo Marco<\/div>\n<div>\u00a0<\/div>\n<div>In quel tempo, si riunirono attorno a Ges\u00f9 i farisei e alcuni degli scribi, venuti da Gerusalemme.<\/div>\n<div>\u00a0<\/div>\n<div>Avendo visto che alcuni dei suoi discepoli prendevano cibo con mani impure, cio\u00e8 non lavate \u2013 i farisei infatti e tutti i Giudei non mangiano se non si sono lavati accuratamente le mani, attenendosi alla tradizione degli antichi e, tornando dal mercato, non mangiano senza aver fatto le abluzioni, e osservano molte altre cose per tradizione, come lavature di bicchieri, di stoviglie, di oggetti di rame e di letti \u2013, quei farisei e scribi lo interrogarono: \u00abPerch\u00e9 i tuoi discepoli non si comportano secondo la tradizione degli antichi, ma prendono cibo con mani impure?\u00bb.<\/div>\n<div>\u00a0<\/div>\n<div>Ed egli rispose loro: \u00abBene ha profetato Isa\u00eca di voi, ipocriti, come sta scritto:<\/div>\n<div>\u201cQuesto popolo mi onora con le labbra,<\/div>\n<div>ma il suo cuore \u00e8 lontano da me.<\/div>\n<div>Invano mi rendono culto,<\/div>\n<div>insegnando dottrine che sono precetti di uomini\u201d.<\/div>\n<div>Trascurando il comandamento di Dio, voi osservate<\/div>\n<div>la tradizione degli uomini\u00bb.<\/div>\n<div>\u00a0<\/div>\n<div>Chiamata di nuovo la folla, diceva loro: \u00abAscoltatemi tutti e comprendete bene! Non c\u2019\u00e8 nulla fuori dell\u2019uomo che, entrando in lui, possa renderlo impuro. Ma sono le cose che escono dall\u2019uomo a renderlo impuro\u00bb. E diceva [ai suoi discepoli]: \u00abDal di dentro infatti, cio\u00e8 dal cuore degli uomini, escono i propositi di male: impurit\u00e0, furti, omicidi, adult\u00e8ri, avidit\u00e0, malvagit\u00e0, inganno, dissolutezza, invidia, calunnia, superbia, stoltezza. Tutte queste cose cattive vengono fuori dall\u2019interno e rendono impuro l\u2019uomo\u00bb.<\/div>\n<\/div>\n<\/blockquote>\n<p style=\"text-align: center;\">\n<p class=\"link\">Fonte: <a href=\"http:\/\/www.cantonuovo.eu\/?p=37742\">Canto Nuovo<\/a><\/p>\n","protected":false},"excerpt":{"rendered":"<p>Mc 7,1-8.14-15.21-23 Trascurando il comandamento di Dio, voi osservate la tradizione degli uomini. Dal Vangelo secondo Marco \u00a0 In quel tempo, si riunirono attorno a Ges\u00f9 i farisei e alcuni degli scribi, venuti da Gerusalemme. \u00a0 Avendo visto che alcuni dei suoi discepoli prendevano cibo con mani impure, cio\u00e8 non lavate \u2013 i farisei infatti&#8230;<\/p>\n","protected":false},"author":3,"featured_media":0,"comment_status":"closed","ping_status":"closed","sticky":false,"template":"","format":"standard","meta":{"_kad_post_transparent":"","_kad_post_title":"","_kad_post_layout":"","_kad_post_sidebar_id":"","_kad_post_content_style":"","_kad_post_vertical_padding":"","_kad_post_feature":"","_kad_post_feature_position":"","_kad_post_header":false,"_kad_post_footer":false,"_kad_post_classname":"","footnotes":""},"categories":[102,147],"tags":[172],"class_list":["post-233950","post","type-post","status-publish","format-standard","hentry","category-102","category-commento-al-vangelo","tag-vangelo-della-domenica"],"_links":{"self":[{"href":"https:\/\/archivio.cercoiltuovolto.it\/index.php?rest_route=\/wp\/v2\/posts\/233950","targetHints":{"allow":["GET"]}}],"collection":[{"href":"https:\/\/archivio.cercoiltuovolto.it\/index.php?rest_route=\/wp\/v2\/posts"}],"about":[{"href":"https:\/\/archivio.cercoiltuovolto.it\/index.php?rest_route=\/wp\/v2\/types\/post"}],"author":[{"embeddable":true,"href":"https:\/\/archivio.cercoiltuovolto.it\/index.php?rest_route=\/wp\/v2\/users\/3"}],"replies":[{"embeddable":true,"href":"https:\/\/archivio.cercoiltuovolto.it\/index.php?rest_route=%2Fwp%2Fv2%2Fcomments&post=233950"}],"version-history":[{"count":0,"href":"https:\/\/archivio.cercoiltuovolto.it\/index.php?rest_route=\/wp\/v2\/posts\/233950\/revisions"}],"wp:attachment":[{"href":"https:\/\/archivio.cercoiltuovolto.it\/index.php?rest_route=%2Fwp%2Fv2%2Fmedia&parent=233950"}],"wp:term":[{"taxonomy":"category","embeddable":true,"href":"https:\/\/archivio.cercoiltuovolto.it\/index.php?rest_route=%2Fwp%2Fv2%2Fcategories&post=233950"},{"taxonomy":"post_tag","embeddable":true,"href":"https:\/\/archivio.cercoiltuovolto.it\/index.php?rest_route=%2Fwp%2Fv2%2Ftags&post=233950"}],"curies":[{"name":"wp","href":"https:\/\/api.w.org\/{rel}","templated":true}]}}