{"id":233935,"date":"2012-08-18T21:53:25","date_gmt":"2012-08-18T21:53:25","guid":{"rendered":"https:\/\/archivio.cercoiltuovolto.it\/?p=233935"},"modified":"2012-08-18T21:53:25","modified_gmt":"2012-08-18T21:53:25","slug":"benedetto-xvi-angelus-del-15-agosto-2012-in-mp3","status":"publish","type":"post","link":"https:\/\/archivio.cercoiltuovolto.it\/?p=233935","title":{"rendered":"Benedetto XVI &#8211; Angelus del 15 agosto 2012 in mp3"},"content":{"rendered":"<blockquote>\n<p style=\"text-align: center;\">\n<p><em>Cari fratelli e sorelle,<\/em><\/p>\n<p>Nel cuore del mese di agosto la Chiesa in Oriente e in Occidente celebra la Solennit\u00e0 dell\u2019Assunzione di Maria Santissima al Cielo. Nella Chiesa Cattolica, il dogma dell\u2019Assunzione \u2013 come sappiamo \u2013 fu\u00a0<a href=\"http:\/\/www.vatican.va\/holy_father\/pius_xii\/apost_constitutions\/documents\/hf_p-xii_apc_19501101_munificentissimus-deus_it.html\" data-bitly-type=\"bitly_hover_card\">proclamato durante l\u2019Anno Santo del 1950 dal Venerabile Pio XII<\/a>. La celebrazione, per\u00f2, di questo mistero di Maria affonda le radici nella fede e nel culto dei primi secoli della Chiesa, per quella profonda devozione verso la Madre di Dio che \u00e8 andata sviluppandosi progressivamente nella Comunit\u00e0 cristiana.<\/p>\n<p style=\"text-align: justify;\">Gi\u00e0 dalla fine del IV secolo e l\u2019inizio del V, abbiamo testimonianze di vari autori che affermano come Maria sia nella gloria di Dio con tutta se stessa, anima e corpo, ma \u00e8 nel VI secolo che a Gerusalemme, la festa della Madre di Dio, la Theot\u00f2kos, consolidatasi con il Concilio di Efeso del 431, cambi\u00f2 volto e divenne la festa della dormizione, del passaggio, del transito, dell\u2019assunzione di Maria, divenne cio\u00e8 la celebrazione del momento in cui Maria usc\u00ec dalla scena di questo mondo glorificata in anima e corpo in Cielo, in Dio.<\/p>\n<ul>\n<li><a href=\"http:\/\/www.vatican.va\/holy_father\/benedict_xvi\/angelus\/2012\/documents\/hf_ben-xvi_ang_20120815_it.html\">Leggi tutto il messaggio<\/a> <em>\u00a9 Copyright 2011 &#8211; Libreria Editrice Vaticana<\/em><\/li>\n<li><a href=\"http:\/\/player.rv.va\/vaticanplayer.asp?language=it&amp;tic=VA_786TAF3M\"><em>Link al Video<\/em><\/a><\/li>\n<\/ul>\n<\/blockquote>\n<div class=\"powerpressbox\">[powerpress]<\/div>\n<p style=\"text-align: justify;\"><strong>Fonte<\/strong>: Radio Vaticana via FeedRss<\/p>\n<blockquote>\n<p style=\"text-align: justify;\"><span style=\"font-size: xx-small;\"><em>(The content of this podcast is copyrighted by Vatican Radio which, according to its statute, is entrusted to manage and protect the sound recordings of the Roman Pontiff, ensuring that their pastoral character and intellectual property&#8217;s rights are protected when used by third parties. The content of this podcast is made available only for personal and private use and cannot be exploited for commercial purposes, without prior written authorization by Vatican Radio. For further information, please contact the International Relation Office at relint@vatiradio.va)<\/em><\/span><\/p>\n<\/blockquote>\n","protected":false},"excerpt":{"rendered":"<p>Cari fratelli e sorelle, Nel cuore del mese di agosto la Chiesa in Oriente e in Occidente celebra la Solennit\u00e0 dell\u2019Assunzione di Maria Santissima al Cielo. Nella Chiesa Cattolica, il dogma dell\u2019Assunzione \u2013 come sappiamo \u2013 fu\u00a0proclamato durante l\u2019Anno Santo del 1950 dal Venerabile Pio XII. La celebrazione, per\u00f2, di questo mistero di Maria affonda&#8230;<\/p>\n","protected":false},"author":3,"featured_media":0,"comment_status":"closed","ping_status":"closed","sticky":false,"template":"","format":"standard","meta":{"_kad_post_transparent":"","_kad_post_title":"","_kad_post_layout":"","_kad_post_sidebar_id":"","_kad_post_content_style":"","_kad_post_vertical_padding":"","_kad_post_feature":"","_kad_post_feature_position":"","_kad_post_header":false,"_kad_post_footer":false,"_kad_post_classname":"","footnotes":""},"categories":[102,114],"tags":[73,9],"class_list":["post-233935","post","type-post","status-publish","format-standard","hentry","category-102","category-angelus","tag-benedetto-xvi","tag-vaticano"],"_links":{"self":[{"href":"https:\/\/archivio.cercoiltuovolto.it\/index.php?rest_route=\/wp\/v2\/posts\/233935","targetHints":{"allow":["GET"]}}],"collection":[{"href":"https:\/\/archivio.cercoiltuovolto.it\/index.php?rest_route=\/wp\/v2\/posts"}],"about":[{"href":"https:\/\/archivio.cercoiltuovolto.it\/index.php?rest_route=\/wp\/v2\/types\/post"}],"author":[{"embeddable":true,"href":"https:\/\/archivio.cercoiltuovolto.it\/index.php?rest_route=\/wp\/v2\/users\/3"}],"replies":[{"embeddable":true,"href":"https:\/\/archivio.cercoiltuovolto.it\/index.php?rest_route=%2Fwp%2Fv2%2Fcomments&post=233935"}],"version-history":[{"count":0,"href":"https:\/\/archivio.cercoiltuovolto.it\/index.php?rest_route=\/wp\/v2\/posts\/233935\/revisions"}],"wp:attachment":[{"href":"https:\/\/archivio.cercoiltuovolto.it\/index.php?rest_route=%2Fwp%2Fv2%2Fmedia&parent=233935"}],"wp:term":[{"taxonomy":"category","embeddable":true,"href":"https:\/\/archivio.cercoiltuovolto.it\/index.php?rest_route=%2Fwp%2Fv2%2Fcategories&post=233935"},{"taxonomy":"post_tag","embeddable":true,"href":"https:\/\/archivio.cercoiltuovolto.it\/index.php?rest_route=%2Fwp%2Fv2%2Ftags&post=233935"}],"curies":[{"name":"wp","href":"https:\/\/api.w.org\/{rel}","templated":true}]}}