{"id":233930,"date":"2012-08-12T22:48:00","date_gmt":"2012-08-12T22:48:00","guid":{"rendered":"https:\/\/archivio.cercoiltuovolto.it\/?p=233930"},"modified":"2012-08-12T22:48:00","modified_gmt":"2012-08-12T22:48:00","slug":"benedetto-xvi-angelus-del-12-agosto-2012-in-mp3","status":"publish","type":"post","link":"https:\/\/archivio.cercoiltuovolto.it\/?p=233930","title":{"rendered":"Benedetto XVI &#8211; Angelus del 12 agosto 2012 in mp3"},"content":{"rendered":"<blockquote>\n<p style=\"text-align: center;\">\n<p><em>Cari fratelli e sorelle!<\/em><\/p>\n<p>&nbsp;<\/p>\n<p style=\"text-align: justify;\">La lettura del 6\u00b0 capitolo del Vangelo di Giovanni, che ci accompagna in queste Domeniche nella Liturgia, ci ha condotti a riflettere sulla moltiplicazione del pane, con il quale il Signore ha sfamato una folla di cinquemila uomini, e sull\u2019invito che Ges\u00f9 rivolge a quanti aveva saziato di darsi da fare per un cibo che rimane per la vita eterna. Ges\u00f9 vuole aiutarli a comprendere il significato profondo del prodigio che ha operato: nel saziare in modo miracoloso la loro fame fisica, li dispone ad accogliere l\u2019annuncio che Egli \u00e8 il pane disceso dal cielo (cfr\u00a0<em>Gv<\/em>\u00a06,41), che sazia in modo definitivo. Anche il popolo ebraico, durante il lungo cammino nel deserto, aveva sperimentato un pane disceso dal cielo, la manna, che lo aveva mantenuto in vita, fino all\u2019arrivo nella terra promessa. Ora, Ges\u00f9 parla di s\u00e9 come del vero pane disceso dal cielo, capace di mantenere in vita non per un momento o per un tratto di cammino, ma per sempre. Lui \u00e8 il cibo che d\u00e0 la vita eterna, perch\u00e9 \u00e8 il Figlio unigenito di Dio, che sta nel seno del Padre, venuto per dare all\u2019uomo la vita in pienezza, per introdurre l\u2019uomo nella stessa vita di Dio.<\/p>\n<ul>\n<li><a href=\"http:\/\/www.vatican.va\/holy_father\/benedict_xvi\/angelus\/2012\/documents\/hf_ben-xvi_ang_20120812_it.html\">Leggi tutto il messaggio<\/a> <em>\u00a9 Copyright 2011 &#8211; Libreria Editrice Vaticana<\/em><\/li>\n<li><a href=\"http:\/\/player.rv.va\/vaticanplayer.asp?language=it&amp;tic=VA_LGWA5IG7\"><em>Link al Video<\/em><\/a><\/li>\n<\/ul>\n<\/blockquote>\n<div class=\"powerpressbox\">[powerpress]<\/div>\n<p style=\"text-align: justify;\"><strong>Fonte<\/strong>: Radio Vaticana via FeedRss<\/p>\n<blockquote>\n<p style=\"text-align: justify;\"><span style=\"font-size: xx-small;\"><em>(The content of this podcast is copyrighted by Vatican Radio which, according to its statute, is entrusted to manage and protect the sound recordings of the Roman Pontiff, ensuring that their pastoral character and intellectual property&#8217;s rights are protected when used by third parties. The content of this podcast is made available only for personal and private use and cannot be exploited for commercial purposes, without prior written authorization by Vatican Radio. For further information, please contact the International Relation Office at relint@vatiradio.va)<\/em><\/span><\/p>\n<\/blockquote>\n","protected":false},"excerpt":{"rendered":"<p>Cari fratelli e sorelle! &nbsp; La lettura del 6\u00b0 capitolo del Vangelo di Giovanni, che ci accompagna in queste Domeniche nella Liturgia, ci ha condotti a riflettere sulla moltiplicazione del pane, con il quale il Signore ha sfamato una folla di cinquemila uomini, e sull\u2019invito che Ges\u00f9 rivolge a quanti aveva saziato di darsi da&#8230;<\/p>\n","protected":false},"author":3,"featured_media":0,"comment_status":"closed","ping_status":"closed","sticky":false,"template":"","format":"standard","meta":{"_kad_post_transparent":"","_kad_post_title":"","_kad_post_layout":"","_kad_post_sidebar_id":"","_kad_post_content_style":"","_kad_post_vertical_padding":"","_kad_post_feature":"","_kad_post_feature_position":"","_kad_post_header":false,"_kad_post_footer":false,"_kad_post_classname":"","footnotes":""},"categories":[102,114],"tags":[73,9],"class_list":["post-233930","post","type-post","status-publish","format-standard","hentry","category-102","category-angelus","tag-benedetto-xvi","tag-vaticano"],"_links":{"self":[{"href":"https:\/\/archivio.cercoiltuovolto.it\/index.php?rest_route=\/wp\/v2\/posts\/233930","targetHints":{"allow":["GET"]}}],"collection":[{"href":"https:\/\/archivio.cercoiltuovolto.it\/index.php?rest_route=\/wp\/v2\/posts"}],"about":[{"href":"https:\/\/archivio.cercoiltuovolto.it\/index.php?rest_route=\/wp\/v2\/types\/post"}],"author":[{"embeddable":true,"href":"https:\/\/archivio.cercoiltuovolto.it\/index.php?rest_route=\/wp\/v2\/users\/3"}],"replies":[{"embeddable":true,"href":"https:\/\/archivio.cercoiltuovolto.it\/index.php?rest_route=%2Fwp%2Fv2%2Fcomments&post=233930"}],"version-history":[{"count":0,"href":"https:\/\/archivio.cercoiltuovolto.it\/index.php?rest_route=\/wp\/v2\/posts\/233930\/revisions"}],"wp:attachment":[{"href":"https:\/\/archivio.cercoiltuovolto.it\/index.php?rest_route=%2Fwp%2Fv2%2Fmedia&parent=233930"}],"wp:term":[{"taxonomy":"category","embeddable":true,"href":"https:\/\/archivio.cercoiltuovolto.it\/index.php?rest_route=%2Fwp%2Fv2%2Fcategories&post=233930"},{"taxonomy":"post_tag","embeddable":true,"href":"https:\/\/archivio.cercoiltuovolto.it\/index.php?rest_route=%2Fwp%2Fv2%2Ftags&post=233930"}],"curies":[{"name":"wp","href":"https:\/\/api.w.org\/{rel}","templated":true}]}}