{"id":233927,"date":"2012-08-13T06:29:05","date_gmt":"2012-08-13T06:29:05","guid":{"rendered":"https:\/\/archivio.cercoiltuovolto.it\/?p=233927"},"modified":"2012-08-13T06:29:05","modified_gmt":"2012-08-13T06:29:05","slug":"commento-al-vangelo-del-19-agosto-2012-comunita-cattolica-ungherese","status":"publish","type":"post","link":"https:\/\/archivio.cercoiltuovolto.it\/?p=233927","title":{"rendered":"Commento al Vangelo del 19 agosto 2012 &#8211; Comunit\u00e0 cattolica ungherese"},"content":{"rendered":"<p style=\"text-align: center;\"><img loading=\"lazy\" decoding=\"async\" class=\"aligncenter size-full wp-image-14834\" title=\"Comunit\u00e0 cattolica italiana in Ungheria\" src=\"http:\/\/www.cercoiltuovolto.it\/wp\/wp-content\/uploads\/2010\/11\/ungheria.png\" alt=\"\" width=\"476\" height=\"132\" \/><\/p>\n<p>Commento al Vangelo di domenica prossima a cura di p. Sergio della Comunit\u00e0 cattolica italiana in Ungheria.<\/p>\n<blockquote>\n<p><em>Gv 6, 51-58<\/em><br \/><em>Dal Vangelo secondo\u00a0Giovanni<\/em><\/p>\n<p>In quel tempo, Ges\u00f9 disse alla folla: \u00abIo sono il pane vivo, disceso dal cielo. Se uno mangia di questo pane vivr\u00e0 in eterno e il pane che io dar\u00f2 \u00e8 la mia carne per la vita del mondo\u00bb.<br \/>Allora i Giudei si misero a discutere aspramente fra loro: \u00abCome pu\u00f2 costui darci la sua carne da mangiare?\u00bb.<br \/>Ges\u00f9 disse loro: \u00abIn verit\u00e0, in verit\u00e0 io vi dico: se non mangiate la carne del Figlio dell&#8217;uomo e non bevete il suo sangue, non avete in voi la vita. Chi mangia la mia carne e beve il mio sangue ha la vita eterna e io lo risusciter\u00f2 nell&#8217;ultimo giorno. Perch\u00e9 la mia carne \u00e8 vero cibo e il mio sangue vera bevanda.<br \/>Chi mangia la mia carne e beve il mio sangue rimane in me e io in lui. Come il Padre, che ha la vita, ha mandato me e io vivo per il Padre, cos\u00ec anche colui che mangia me vivr\u00e0 per me.<br \/>Questo \u00e8 il pane disceso dal cielo; non \u00e8 come quello che mangiarono i padri e morirono. Chi mangia questo pane vivr\u00e0 in eterno\u00bb.<\/p>\n<p>C: Parola del Signore.<br \/>A: Lode a Te o Cristo.<\/p>\n<\/blockquote>\n<p class=\"link\" style=\"text-align: left;\"><a href=\"http:\/\/youtu.be\/7hiLdM6HKzc\">Link al Video<\/a><\/p>\n","protected":false},"excerpt":{"rendered":"<p>Commento al Vangelo di domenica prossima a cura di p. Sergio della Comunit\u00e0 cattolica italiana in Ungheria. Gv 6, 51-58Dal Vangelo secondo\u00a0Giovanni In quel tempo, Ges\u00f9 disse alla folla: \u00abIo sono il pane vivo, disceso dal cielo. Se uno mangia di questo pane vivr\u00e0 in eterno e il pane che io dar\u00f2 \u00e8 la mia&#8230;<\/p>\n","protected":false},"author":3,"featured_media":0,"comment_status":"closed","ping_status":"closed","sticky":false,"template":"","format":"standard","meta":{"_kad_post_transparent":"","_kad_post_title":"","_kad_post_layout":"","_kad_post_sidebar_id":"","_kad_post_content_style":"","_kad_post_vertical_padding":"","_kad_post_feature":"","_kad_post_feature_position":"","_kad_post_header":false,"_kad_post_footer":false,"_kad_post_classname":"","footnotes":""},"categories":[102,147],"tags":[22,172,83],"class_list":["post-233927","post","type-post","status-publish","format-standard","hentry","category-102","category-commento-al-vangelo","tag-francescani","tag-vangelo-della-domenica","tag-youtube"],"_links":{"self":[{"href":"https:\/\/archivio.cercoiltuovolto.it\/index.php?rest_route=\/wp\/v2\/posts\/233927","targetHints":{"allow":["GET"]}}],"collection":[{"href":"https:\/\/archivio.cercoiltuovolto.it\/index.php?rest_route=\/wp\/v2\/posts"}],"about":[{"href":"https:\/\/archivio.cercoiltuovolto.it\/index.php?rest_route=\/wp\/v2\/types\/post"}],"author":[{"embeddable":true,"href":"https:\/\/archivio.cercoiltuovolto.it\/index.php?rest_route=\/wp\/v2\/users\/3"}],"replies":[{"embeddable":true,"href":"https:\/\/archivio.cercoiltuovolto.it\/index.php?rest_route=%2Fwp%2Fv2%2Fcomments&post=233927"}],"version-history":[{"count":0,"href":"https:\/\/archivio.cercoiltuovolto.it\/index.php?rest_route=\/wp\/v2\/posts\/233927\/revisions"}],"wp:attachment":[{"href":"https:\/\/archivio.cercoiltuovolto.it\/index.php?rest_route=%2Fwp%2Fv2%2Fmedia&parent=233927"}],"wp:term":[{"taxonomy":"category","embeddable":true,"href":"https:\/\/archivio.cercoiltuovolto.it\/index.php?rest_route=%2Fwp%2Fv2%2Fcategories&post=233927"},{"taxonomy":"post_tag","embeddable":true,"href":"https:\/\/archivio.cercoiltuovolto.it\/index.php?rest_route=%2Fwp%2Fv2%2Ftags&post=233927"}],"curies":[{"name":"wp","href":"https:\/\/api.w.org\/{rel}","templated":true}]}}