{"id":233918,"date":"2012-08-06T06:27:23","date_gmt":"2012-08-06T06:27:23","guid":{"rendered":"https:\/\/archivio.cercoiltuovolto.it\/?p=233918"},"modified":"2012-08-06T06:27:23","modified_gmt":"2012-08-06T06:27:23","slug":"commento-al-vangelo-del-12-agosto-2012-comunita-cattolica-ungherese","status":"publish","type":"post","link":"https:\/\/archivio.cercoiltuovolto.it\/?p=233918","title":{"rendered":"Commento al Vangelo del 12 agosto 2012 &#8211; Comunit\u00e0 cattolica ungherese"},"content":{"rendered":"<p style=\"text-align: center;\"><img loading=\"lazy\" decoding=\"async\" class=\"aligncenter size-full wp-image-14834\" title=\"Comunit\u00e0 cattolica italiana in Ungheria\" src=\"http:\/\/www.cercoiltuovolto.it\/wp\/wp-content\/uploads\/2010\/11\/ungheria.png\" alt=\"\" width=\"476\" height=\"132\" \/><\/p>\n<p>Commento al Vangelo di domenica prossima a cura di p. Sergio della Comunit\u00e0 cattolica italiana in Ungheria.<\/p>\n<blockquote>\n<p><em>Gv 6, 41-51<\/em><br \/><em>Dal Vangelo secondo\u00a0Giovanni<\/em><\/p>\n<p>In quel tempo, i Giudei si misero a mormorare contro Ges\u00f9 perch\u00e9 aveva detto: \u00abIo sono il pane disceso dal cielo\u00bb. E dicevano: \u00abCostui non \u00e8 forse Ges\u00f9, il figlio di Giuseppe? Di lui non conosciamo il padre e la madre? Come dunque pu\u00f2 dire: \u201cSono disceso dal cielo\u201d?\u00bb.<br \/>Ges\u00f9 rispose loro: \u00abNon mormorate tra voi. Nessuno pu\u00f2 venire a me, se non lo attira il Padre che mi ha mandato; e io lo risusciter\u00f2 nell&#8217;ultimo giorno. Sta scritto nei profeti: \u201cE tutti saranno istruiti da Dio\u201d. Chiunque ha ascoltato il Padre e ha imparato da lui, viene a me. Non perch\u00e9 qualcuno abbia visto il Padre; solo colui che viene da Dio ha visto il Padre. In verit\u00e0, in verit\u00e0 io vi dico: chi crede ha la vita eterna.<br \/>Io sono il pane della vita. I vostri padri hanno mangiato la manna nel deserto e sono morti; questo \u00e8 il pane che discende dal cielo, perch\u00e9 chi ne mangia non muoia.<br \/>Io sono il pane vivo, disceso dal cielo. Se uno mangia di questo pane vivr\u00e0 in eterno e il pane che io dar\u00f2 \u00e8 la mia carne per la vita del mondo\u00bb.<\/p>\n<p>C: Parola del Signore.<br \/>A: Lode a Te o Cristo.<\/p>\n<\/blockquote>\n<p class=\"link\" style=\"text-align: left;\"><a href=\"http:\/\/youtu.be\/1pp8poiqI4E\">Link al Video<\/a><\/p>\n","protected":false},"excerpt":{"rendered":"<p>Commento al Vangelo di domenica prossima a cura di p. Sergio della Comunit\u00e0 cattolica italiana in Ungheria. Gv 6, 41-51Dal Vangelo secondo\u00a0Giovanni In quel tempo, i Giudei si misero a mormorare contro Ges\u00f9 perch\u00e9 aveva detto: \u00abIo sono il pane disceso dal cielo\u00bb. E dicevano: \u00abCostui non \u00e8 forse Ges\u00f9, il figlio di Giuseppe? Di&#8230;<\/p>\n","protected":false},"author":3,"featured_media":0,"comment_status":"closed","ping_status":"closed","sticky":false,"template":"","format":"standard","meta":{"_kad_post_transparent":"","_kad_post_title":"","_kad_post_layout":"","_kad_post_sidebar_id":"","_kad_post_content_style":"","_kad_post_vertical_padding":"","_kad_post_feature":"","_kad_post_feature_position":"","_kad_post_header":false,"_kad_post_footer":false,"_kad_post_classname":"","footnotes":""},"categories":[102,147],"tags":[22,172,83],"class_list":["post-233918","post","type-post","status-publish","format-standard","hentry","category-102","category-commento-al-vangelo","tag-francescani","tag-vangelo-della-domenica","tag-youtube"],"_links":{"self":[{"href":"https:\/\/archivio.cercoiltuovolto.it\/index.php?rest_route=\/wp\/v2\/posts\/233918","targetHints":{"allow":["GET"]}}],"collection":[{"href":"https:\/\/archivio.cercoiltuovolto.it\/index.php?rest_route=\/wp\/v2\/posts"}],"about":[{"href":"https:\/\/archivio.cercoiltuovolto.it\/index.php?rest_route=\/wp\/v2\/types\/post"}],"author":[{"embeddable":true,"href":"https:\/\/archivio.cercoiltuovolto.it\/index.php?rest_route=\/wp\/v2\/users\/3"}],"replies":[{"embeddable":true,"href":"https:\/\/archivio.cercoiltuovolto.it\/index.php?rest_route=%2Fwp%2Fv2%2Fcomments&post=233918"}],"version-history":[{"count":0,"href":"https:\/\/archivio.cercoiltuovolto.it\/index.php?rest_route=\/wp\/v2\/posts\/233918\/revisions"}],"wp:attachment":[{"href":"https:\/\/archivio.cercoiltuovolto.it\/index.php?rest_route=%2Fwp%2Fv2%2Fmedia&parent=233918"}],"wp:term":[{"taxonomy":"category","embeddable":true,"href":"https:\/\/archivio.cercoiltuovolto.it\/index.php?rest_route=%2Fwp%2Fv2%2Fcategories&post=233918"},{"taxonomy":"post_tag","embeddable":true,"href":"https:\/\/archivio.cercoiltuovolto.it\/index.php?rest_route=%2Fwp%2Fv2%2Ftags&post=233918"}],"curies":[{"name":"wp","href":"https:\/\/api.w.org\/{rel}","templated":true}]}}