{"id":233910,"date":"2012-08-07T06:10:29","date_gmt":"2012-08-07T06:10:29","guid":{"rendered":"https:\/\/archivio.cercoiltuovolto.it\/?p=233910"},"modified":"2012-08-07T06:10:29","modified_gmt":"2012-08-07T06:10:29","slug":"audiolibri-ugo-de-vita-atti-degli-apostoli","status":"publish","type":"post","link":"https:\/\/archivio.cercoiltuovolto.it\/?p=233910","title":{"rendered":"Audiolibri: Ugo De Vita, Atti degli Apostoli"},"content":{"rendered":"<p style=\"text-align: justify;\"><strong><img loading=\"lazy\" decoding=\"async\" class=\"aligncenter size-full wp-image-24942\" title=\"Atti degli Apostoli\" src=\"http:\/\/www.cercoiltuovolto.it\/wp-content\/uploads\/2012\/08\/Atti-degli-Apostoli.jpg\" alt=\"\" width=\"300\" height=\"300\" \/>Atti degli Apostoli<\/strong>\u00a0\u00e8 la narrazione della storia della comunit\u00e0 cristiana dopo la morte e resurrezione di Ges\u00f9. Descrive in particolare quella che fu la vita degli apostoli Pietro e Paolo. La lettura in voce degli &#8216;Atti degli Apostoli&#8217; esalta la dimensione narrativa che caratterizza il testo. E&#8217; proprio nel carattere narrativo che si pu\u00f2 cogliere la lettura della storia, e non solo quella passata che porta in s\u00e9 la salvezza. Il grande mistero di Dio e il suo amore per gli uomini si rivelano in pieno. Con la sua incarnazione, la vicinanza ai suoi figli raggiunge il culmine e ogni lontananza sar\u00e0 colmata.<\/p>\n<p style=\"text-align: justify;\">Gli Atti degli Apostoli narrano la storia della chiesa nascente, modello e riferimento, oggi pi\u00f9 che mai, del nostro modo di vivere la Cristianit\u00e0.<\/p>\n<p class=\"acquista-paragrafo\">\u00a0<a href=\"http:\/\/clk.tradedoubler.com\/click?p=24373&amp;a=1964226&amp;url=http%3A%2F%2Fitunes.apple.com%2Fit%2Faudiobook%2Fatti-degli-apostoli%2Fid444633843%3Fuo%3D4%26partnerId%3D2003\">Acquista su iTunes<\/a><\/p>\n<p class=\"acquista-paragrafo\">\u00a0<a href=\"http:\/\/roia.biz\/ts\/n\/ajyvvq1BAAMqy0MAAAmJ-A\/g\/www.ilnarratore.com\/prodotti\/idx\/1768\/Ugo-De-Vita----Atti-degli-apostoli-download.html\">Acquista su il Narratore<\/a><\/p>\n<div class=\"powerpressbox\">[powerpress]<\/div>\n","protected":false},"excerpt":{"rendered":"<p>Atti degli Apostoli\u00a0\u00e8 la narrazione della storia della comunit\u00e0 cristiana dopo la morte e resurrezione di Ges\u00f9. Descrive in particolare quella che fu la vita degli apostoli Pietro e Paolo. La lettura in voce degli &#8216;Atti degli Apostoli&#8217; esalta la dimensione narrativa che caratterizza il testo. E&#8217; proprio nel carattere narrativo che si pu\u00f2 cogliere&#8230;<\/p>\n","protected":false},"author":3,"featured_media":0,"comment_status":"closed","ping_status":"closed","sticky":false,"template":"","format":"standard","meta":{"_kad_post_transparent":"","_kad_post_title":"","_kad_post_layout":"","_kad_post_sidebar_id":"","_kad_post_content_style":"","_kad_post_vertical_padding":"","_kad_post_feature":"","_kad_post_feature_position":"","_kad_post_header":false,"_kad_post_footer":false,"_kad_post_classname":"","footnotes":""},"categories":[102,361],"tags":[395,17],"class_list":["post-233910","post","type-post","status-publish","format-standard","hentry","category-102","category-atti-degli-apostoli","tag-audiolibri","tag-libri"],"_links":{"self":[{"href":"https:\/\/archivio.cercoiltuovolto.it\/index.php?rest_route=\/wp\/v2\/posts\/233910","targetHints":{"allow":["GET"]}}],"collection":[{"href":"https:\/\/archivio.cercoiltuovolto.it\/index.php?rest_route=\/wp\/v2\/posts"}],"about":[{"href":"https:\/\/archivio.cercoiltuovolto.it\/index.php?rest_route=\/wp\/v2\/types\/post"}],"author":[{"embeddable":true,"href":"https:\/\/archivio.cercoiltuovolto.it\/index.php?rest_route=\/wp\/v2\/users\/3"}],"replies":[{"embeddable":true,"href":"https:\/\/archivio.cercoiltuovolto.it\/index.php?rest_route=%2Fwp%2Fv2%2Fcomments&post=233910"}],"version-history":[{"count":0,"href":"https:\/\/archivio.cercoiltuovolto.it\/index.php?rest_route=\/wp\/v2\/posts\/233910\/revisions"}],"wp:attachment":[{"href":"https:\/\/archivio.cercoiltuovolto.it\/index.php?rest_route=%2Fwp%2Fv2%2Fmedia&parent=233910"}],"wp:term":[{"taxonomy":"category","embeddable":true,"href":"https:\/\/archivio.cercoiltuovolto.it\/index.php?rest_route=%2Fwp%2Fv2%2Fcategories&post=233910"},{"taxonomy":"post_tag","embeddable":true,"href":"https:\/\/archivio.cercoiltuovolto.it\/index.php?rest_route=%2Fwp%2Fv2%2Ftags&post=233910"}],"curies":[{"name":"wp","href":"https:\/\/api.w.org\/{rel}","templated":true}]}}