{"id":233889,"date":"2012-07-26T06:09:17","date_gmt":"2012-07-26T06:09:17","guid":{"rendered":"https:\/\/archivio.cercoiltuovolto.it\/?p=233889"},"modified":"2012-07-26T06:09:17","modified_gmt":"2012-07-26T06:09:17","slug":"commento-al-vangelo-del-29-luglio-2012-don-mauro-pozzi","status":"publish","type":"post","link":"https:\/\/archivio.cercoiltuovolto.it\/?p=233889","title":{"rendered":"Commento al Vangelo del 29 luglio 2012 &#8211; don Mauro Pozzi"},"content":{"rendered":"<p style=\"text-align: justify;\">Il commento al Vangelo della domenica a cura di don Mauro Pozzi parroco della Parrocchia S. Giovanni Battista, Novara.<\/p>\n<blockquote>\n<p style=\"text-align: justify;\">COME SFAMARLI?<\/p>\n<p style=\"text-align: justify;\">Domenica scorsa il vangelo si chiudeva notando la compassione di Ges\u00f9 per la folla. Perch\u00e9 una grande moltitudine lo segue? Sicuramente \u00e8 attratta dai prodigi. Le guarigioni miracolose sono certo sensazionali, ma il modo con cui vanno dietro al Maestro \u00e8 davvero faticoso. Mentre lui si sposta in barca la gente lo segue a piedi lungo le sponde facendo molta strada e un simile sacrificio indica che davvero cercavano un pastore, qualcuno che nutrisse il loro bisogno spirituale. \u00c8 una vera e propria fame. \u00c8 questa che Ges\u00f9 vuole saziare e, nello stesso tempo, vuole che i suoi discepoli capiscano che \u00e8 anche il loro compito, \u00e8 l\u2019obiettivo per cui li sta preparando. Per questo rivolge a Filippo con una domanda tanto strana: dove possiamo comprare il pane perch\u00e9 costoro abbiano da mangiare? Il Maestro non vuole stupire i suoi con il miracolo, non cerca una affermazione personale, ma sta insegnando ai discepoli che l\u2019apostolato \u00e8 dare alle persone un nutrimento per l\u2019anima, \u00e8 saziare l\u2019esigenza profonda di senso che c\u2019\u00e8 in ogni uomo. Il Signore fa lo stesso miracolo del profeta Eliseo e la gente, che conosce la scrittura, lo capisce e dice di lui: questi \u00e8 davvero il profeta! Il segno \u00e8 per\u00f2 molto pi\u00f9 grande. Eliseo ha sfamato cento persone, Ges\u00f9 cinquemila. Pietro fa il conto delle possibilit\u00e0 a loro disposizione: cinque pani e due pesci; non potr\u00e0 mai bastare. Eppure il Maestro comincia di l\u00ec. Non crea dal nulla il pane per tutti, moltiplica quello che c\u2019\u00e8. \u00c8 anche questo un segno importantissimo. Ges\u00f9 ha bisogno di noi, si vuole servire di noi per cui \u00e8 pronto a moltiplicare le nostre povere forze. Questo succede anche oggi. \u00c8 la storia della Chiesa. Dopo la crocifissione gli apostoli erano pieni di paura, sentivano il peso del tradimento di Giuda e anche del loro, dato che erano tutti scappati abbandonando il Signore, ma tutto \u00e8 partito da loro, non ne sono venuti altri. Questa \u00e8 la moltiplicazione che questo segno sembra indicare. Noi possiamo nutrire tanta gente anche se siamo pochi, poveri, ignoranti e codardi, l\u2019importante \u00e8 che ci mettiamo sinceramente a disposizione. Questo \u00e8 quello che Ges\u00f9 ci chiede. Non deve essere la ricerca di un successo personale. Anche se la gente lo acclama e vuole farlo re, lui si ritira sul monte da solo. Anche noi dunque, affrontando il nostro dovere, impariamo a mettergli davanti il poco che abbiamo senza temere di non essere all\u2019altezza e permettiamogli di moltiplicare le nostre poche energie.<\/p>\n<\/blockquote>\n<p><a href=\"http:\/\/www.youtube.com\/watch?v=hTPX8Rah2_8\">Link al video<\/a><\/p>\n<p style=\"text-align: justify;\"><strong>Gv 6, 1-15<\/strong> <br \/>In quel tempo, Ges\u00f9 pass\u00f2 all\u2019altra riva del mare di Galilea, cio\u00e8 di Tiber\u00ecade, e lo seguiva una grande folla, perch\u00e9 vedeva i segni che compiva sugli infermi. Ges\u00f9 sal\u00ec sul monte e l\u00e0 si pose a sedere con i suoi discepoli. Era vicina la Pasqua, la festa dei Giudei. Allora Ges\u00f9, alz\u00e0ti gli occhi, vide che una grande folla veniva da lui e disse a Filippo: \u00abDove potremo comprare il pane perch\u00e9 costoro abbiano da man- giare?\u00bb. Diceva cos\u00ec per metterlo alla prova; egli infatti sapeva quello che stava per compiere. Gli rispose Filippo: \u00abDuecento denari di pane non sono sufficienti nep- pure perch\u00e9 ognuno possa rice- verne un pezzo\u00bb. Gli disse allora uno dei suoi discepoli, Andrea, fratello di Simon Pietro: \u00abC\u2019\u00e8 qui un ragazzo che ha cinque pani d\u2019orzo e due pesci; ma che cos\u2019\u00e8 questo per tanta gente?\u00bb. Rispo- se Ges\u00f9: \u00abFateli sedere\u00bb. C\u2019era molta erba in quel luogo. Si mise- ro dunque a sedere ed erano circa cinquemila uomini. Allora Ges\u00f9 prese i pani e, dopo aver reso grazie, li diede a quelli che erano seduti, e lo stesso fece dei pesci, quanto ne volevano. E quando furono saziati, disse ai suoi discepoli: \u00abRaccogliete i pezzi avanzati, perch\u00e9 nulla vada perduto\u00bb. Li raccolsero e riempi- rono dodici canestri con i pezzi dei cinque pani d\u2019orzo, avanzati a coloro che avevano mangiato. Allora la gente, visto il segno che egli aveva compiuto, diceva: \u00abQuesti \u00e8 davvero il profeta, colui che viene nel mondo!\u00bb. Ma Ges\u00f9, sapendo che venivano a prender- lo per farlo re, si ritir\u00f2 di nuovo sul monte, lui da solo.<\/p>\n","protected":false},"excerpt":{"rendered":"<p>Il commento al Vangelo della domenica a cura di don Mauro Pozzi parroco della Parrocchia S. Giovanni Battista, Novara.<\/p>\n","protected":false},"author":3,"featured_media":0,"comment_status":"closed","ping_status":"closed","sticky":false,"template":"","format":"standard","meta":{"_kad_post_transparent":"","_kad_post_title":"","_kad_post_layout":"","_kad_post_sidebar_id":"","_kad_post_content_style":"","_kad_post_vertical_padding":"","_kad_post_feature":"","_kad_post_feature_position":"","_kad_post_header":false,"_kad_post_footer":false,"_kad_post_classname":"","footnotes":""},"categories":[102,147],"tags":[388,172,83],"class_list":["post-233889","post","type-post","status-publish","format-standard","hentry","category-102","category-commento-al-vangelo","tag-don-mauro-pozzi","tag-vangelo-della-domenica","tag-youtube"],"_links":{"self":[{"href":"https:\/\/archivio.cercoiltuovolto.it\/index.php?rest_route=\/wp\/v2\/posts\/233889","targetHints":{"allow":["GET"]}}],"collection":[{"href":"https:\/\/archivio.cercoiltuovolto.it\/index.php?rest_route=\/wp\/v2\/posts"}],"about":[{"href":"https:\/\/archivio.cercoiltuovolto.it\/index.php?rest_route=\/wp\/v2\/types\/post"}],"author":[{"embeddable":true,"href":"https:\/\/archivio.cercoiltuovolto.it\/index.php?rest_route=\/wp\/v2\/users\/3"}],"replies":[{"embeddable":true,"href":"https:\/\/archivio.cercoiltuovolto.it\/index.php?rest_route=%2Fwp%2Fv2%2Fcomments&post=233889"}],"version-history":[{"count":0,"href":"https:\/\/archivio.cercoiltuovolto.it\/index.php?rest_route=\/wp\/v2\/posts\/233889\/revisions"}],"wp:attachment":[{"href":"https:\/\/archivio.cercoiltuovolto.it\/index.php?rest_route=%2Fwp%2Fv2%2Fmedia&parent=233889"}],"wp:term":[{"taxonomy":"category","embeddable":true,"href":"https:\/\/archivio.cercoiltuovolto.it\/index.php?rest_route=%2Fwp%2Fv2%2Fcategories&post=233889"},{"taxonomy":"post_tag","embeddable":true,"href":"https:\/\/archivio.cercoiltuovolto.it\/index.php?rest_route=%2Fwp%2Fv2%2Ftags&post=233889"}],"curies":[{"name":"wp","href":"https:\/\/api.w.org\/{rel}","templated":true}]}}