{"id":233887,"date":"2012-07-25T08:48:00","date_gmt":"2012-07-25T08:48:00","guid":{"rendered":"https:\/\/archivio.cercoiltuovolto.it\/?p=233887"},"modified":"2012-07-25T08:48:00","modified_gmt":"2012-07-25T08:48:00","slug":"commento-al-vangelo-del-29-luglio-2012-don-domenico-luciani","status":"publish","type":"post","link":"https:\/\/archivio.cercoiltuovolto.it\/?p=233887","title":{"rendered":"Commento al Vangelo del 29 luglio 2012 &#8211; don Domenico Luciani"},"content":{"rendered":"<p style=\"text-align: center;\">\n<p>Commento al Vangelo della <strong>XVII Domenica del Tempo Ordinario<\/strong> a cura di don Domenico Luciani della <a href=\"http:\/\/www.sabinasantacroce.org\/\">Parrocchia Santa Croce a Passo Corese<\/a> (RI).<\/p>\n<blockquote style=\"text-align: justify;\">\n<p><em>Gv 6, 1-15<\/em><br \/><em>Dal Vangelo secondo\u00a0Giovanni<\/em><\/p>\n<p>&amp;Dagger; In quel tempo, Ges\u00f9 and\u00f2 all&#8217;altra riva del mare di Galilea, cio\u00e8 di Tiber\u00ecade, e una grande folla lo seguiva, vedendo i segni che faceva sugli infermi.\u00a0<br \/>Ges\u00f9 sal\u00ec sulla montagna e l\u00e0 si pose a sedere con i suoi discepoli.\u00a0<br \/>Era vicina la Pasqua, la festa dei Giudei.\u00a0<br \/>Alzati quindi gli occhi, Ges\u00f9 vide che una grande folla veniva da lui e disse a Filippo: \u00abDove possiamo comprare il pane perch\u00e9 costoro abbiano da mangiare?\u00bb. Diceva cos\u00ec per metterlo alla prova; egli infatti sapeva bene quello che stava per fare.\u00a0<br \/>Gli rispose Filippo: \u00abDuecento denari di pane non sono sufficienti neppure perch\u00e9 ognuno possa riceverne un pezzo\u00bb.\u00a0<br \/>Gli disse allora uno dei discepoli, Andrea, fratello di Simon Pietro: \u00abC&#8217;\u00e8 qui un ragazzo che ha cinque pani d&#8217;orzo e due pesci; ma che cos&#8217;\u00e8 questo per tanta gente?\u00bb. Rispose Ges\u00f9: \u00abFateli sedere\u00bb. C&#8217;era molta erba in quel luogo. Si sedettero dunque ed erano circa cinquemila uomini.<br \/>Allora Ges\u00f9 prese i pani e, dopo aver reso grazie, li distribu\u00ec a quelli che si erano seduti, e lo stesso fece dei pesci, finch\u00e9 ne vollero.\u00a0<br \/>E quando furono saziati, disse ai discepoli: \u00abRaccogliete i pezzi avanzati, perch\u00e9 nulla vada perduto\u00bb. Li raccolsero e riempirono dodici canestri con i pezzi dei cinque pani d&#8217;orzo, avanzati a coloro che avevano mangiato.\u00a0<br \/>Allora la gente, visto il segno che egli aveva compiuto, cominci\u00f2 a dire: \u00abQuesti \u00e8 davvero il profeta che deve venire nel mondo!\u00bb. Ma Ges\u00f9, sapendo che stavano per venire a prenderlo per farlo re, si ritir\u00f2 di nuovo sulla montagna, tutto solo.<\/p>\n<p>C: Parola del Signore.<br \/>A: Lode a Te o Cristo.<\/p>\n<\/blockquote>\n<p class=\"podcast\" style=\"text-align: left;\"><a href=\"http:\/\/sabinasantacroce.podomatic.com\/enclosure\/2012-07-24T13_42_34-07_00.mp3\">Scarica il file mp3<\/a><\/p>\n<p class=\"link\" style=\"text-align: left;\"><a href=\"http:\/\/youtu.be\/w4wIfXSpay0\">Link al video<\/a><\/p>\n<p class=\"link\">Sito web: <a href=\"http:\/\/www.sabinasantacroce.org\">Parrocchia Santa Croce<\/a><\/p>\n<p>&nbsp;<\/p>\n","protected":false},"excerpt":{"rendered":"<p>Commento al Vangelo della XVII Domenica del Tempo Ordinario a cura di don Domenico Luciani della Parrocchia Santa Croce a Passo Corese (RI). Gv 6, 1-15Dal Vangelo secondo\u00a0Giovanni &amp;Dagger; In quel tempo, Ges\u00f9 and\u00f2 all&#8217;altra riva del mare di Galilea, cio\u00e8 di Tiber\u00ecade, e una grande folla lo seguiva, vedendo i segni che faceva sugli&#8230;<\/p>\n","protected":false},"author":3,"featured_media":0,"comment_status":"closed","ping_status":"closed","sticky":false,"template":"","format":"standard","meta":{"_kad_post_transparent":"","_kad_post_title":"","_kad_post_layout":"","_kad_post_sidebar_id":"","_kad_post_content_style":"","_kad_post_vertical_padding":"","_kad_post_feature":"","_kad_post_feature_position":"","_kad_post_header":false,"_kad_post_footer":false,"_kad_post_classname":"","footnotes":""},"categories":[102,147],"tags":[172,83],"class_list":["post-233887","post","type-post","status-publish","format-standard","hentry","category-102","category-commento-al-vangelo","tag-vangelo-della-domenica","tag-youtube"],"_links":{"self":[{"href":"https:\/\/archivio.cercoiltuovolto.it\/index.php?rest_route=\/wp\/v2\/posts\/233887","targetHints":{"allow":["GET"]}}],"collection":[{"href":"https:\/\/archivio.cercoiltuovolto.it\/index.php?rest_route=\/wp\/v2\/posts"}],"about":[{"href":"https:\/\/archivio.cercoiltuovolto.it\/index.php?rest_route=\/wp\/v2\/types\/post"}],"author":[{"embeddable":true,"href":"https:\/\/archivio.cercoiltuovolto.it\/index.php?rest_route=\/wp\/v2\/users\/3"}],"replies":[{"embeddable":true,"href":"https:\/\/archivio.cercoiltuovolto.it\/index.php?rest_route=%2Fwp%2Fv2%2Fcomments&post=233887"}],"version-history":[{"count":0,"href":"https:\/\/archivio.cercoiltuovolto.it\/index.php?rest_route=\/wp\/v2\/posts\/233887\/revisions"}],"wp:attachment":[{"href":"https:\/\/archivio.cercoiltuovolto.it\/index.php?rest_route=%2Fwp%2Fv2%2Fmedia&parent=233887"}],"wp:term":[{"taxonomy":"category","embeddable":true,"href":"https:\/\/archivio.cercoiltuovolto.it\/index.php?rest_route=%2Fwp%2Fv2%2Fcategories&post=233887"},{"taxonomy":"post_tag","embeddable":true,"href":"https:\/\/archivio.cercoiltuovolto.it\/index.php?rest_route=%2Fwp%2Fv2%2Ftags&post=233887"}],"curies":[{"name":"wp","href":"https:\/\/api.w.org\/{rel}","templated":true}]}}