{"id":233873,"date":"2012-07-18T07:41:44","date_gmt":"2012-07-18T07:41:44","guid":{"rendered":"https:\/\/archivio.cercoiltuovolto.it\/?p=233873"},"modified":"2012-07-18T07:41:44","modified_gmt":"2012-07-18T07:41:44","slug":"commento-al-vangelo-del-22-luglio-2012-don-domenico-luciani","status":"publish","type":"post","link":"https:\/\/archivio.cercoiltuovolto.it\/?p=233873","title":{"rendered":"Commento al Vangelo del 22 luglio 2012 &#8211; don Domenico Luciani"},"content":{"rendered":"<p style=\"text-align: center;\">\n<p>Commento al Vangelo della <strong>XVI Domenica del Tempo Ordinario<\/strong> a cura di don Domenico Luciani della <a href=\"http:\/\/www.sabinasantacroce.org\/\">Parrocchia Santa Croce a Passo Corese<\/a> (RI).<\/p>\n<blockquote style=\"text-align: justify;\">\n<p><em>Mc 6, 30-34<\/em><br \/><em>Dal Vangelo secondo\u00a0Marco<\/em><\/p>\n<p>In quel tempo, gli apostoli si riunirono attorno a Ges\u00f9 e gli riferirono tutto quello che avevano fatto e quello che avevano insegnato. Ed egli disse loro: \u00abVenite in disparte, voi soli, in un luogo deserto, e riposatevi un po&#8217;\u00bb. Erano infatti molti quelli che andavano e venivano e non avevano neanche il tempo di mangiare.<br \/>Allora andarono con la barca verso un luogo deserto, in disparte. Molti per\u00f2 li videro partire e capirono, e da tutte le citt\u00e0 accorsero l\u00e0 a piedi e li precedettero.<br \/>Sceso dalla barca, egli vide una grande folla, ebbe compassione di loro, perch\u00e9 erano come pecore che non hanno pastore, e si mise a insegnare loro molte cose.<\/p>\n<p>C: Parola del Signore.<br \/>A: Lode a Te o Cristo.<\/p>\n<\/blockquote>\n<p class=\"podcast\" style=\"text-align: left;\"><a href=\"http:\/\/sabinasantacroce.podomatic.com\/enclosure\/2012-07-17T14_48_47-07_00.mp3\" target=\"_blank\">Scarica il file mp3<\/a><\/p>\n<p class=\"link\" style=\"text-align: left;\"><a href=\"http:\/\/youtu.be\/UtWUdky14xw\" target=\"_blank\">Link al video<\/a><\/p>\n<p class=\"link\">Sito web: <a href=\"http:\/\/www.sabinasantacroce.org\">Parrocchia Santa Croce<\/a><\/p>\n<p>&nbsp;<\/p>\n","protected":false},"excerpt":{"rendered":"<p>Commento al Vangelo della XVI Domenica del Tempo Ordinario a cura di don Domenico Luciani della Parrocchia Santa Croce a Passo Corese (RI). Mc 6, 30-34Dal Vangelo secondo\u00a0Marco In quel tempo, gli apostoli si riunirono attorno a Ges\u00f9 e gli riferirono tutto quello che avevano fatto e quello che avevano insegnato. Ed egli disse loro:&#8230;<\/p>\n","protected":false},"author":3,"featured_media":0,"comment_status":"closed","ping_status":"closed","sticky":false,"template":"","format":"standard","meta":{"_kad_post_transparent":"","_kad_post_title":"","_kad_post_layout":"","_kad_post_sidebar_id":"","_kad_post_content_style":"","_kad_post_vertical_padding":"","_kad_post_feature":"","_kad_post_feature_position":"","_kad_post_header":false,"_kad_post_footer":false,"_kad_post_classname":"","footnotes":""},"categories":[102,147],"tags":[172,83],"class_list":["post-233873","post","type-post","status-publish","format-standard","hentry","category-102","category-commento-al-vangelo","tag-vangelo-della-domenica","tag-youtube"],"_links":{"self":[{"href":"https:\/\/archivio.cercoiltuovolto.it\/index.php?rest_route=\/wp\/v2\/posts\/233873","targetHints":{"allow":["GET"]}}],"collection":[{"href":"https:\/\/archivio.cercoiltuovolto.it\/index.php?rest_route=\/wp\/v2\/posts"}],"about":[{"href":"https:\/\/archivio.cercoiltuovolto.it\/index.php?rest_route=\/wp\/v2\/types\/post"}],"author":[{"embeddable":true,"href":"https:\/\/archivio.cercoiltuovolto.it\/index.php?rest_route=\/wp\/v2\/users\/3"}],"replies":[{"embeddable":true,"href":"https:\/\/archivio.cercoiltuovolto.it\/index.php?rest_route=%2Fwp%2Fv2%2Fcomments&post=233873"}],"version-history":[{"count":0,"href":"https:\/\/archivio.cercoiltuovolto.it\/index.php?rest_route=\/wp\/v2\/posts\/233873\/revisions"}],"wp:attachment":[{"href":"https:\/\/archivio.cercoiltuovolto.it\/index.php?rest_route=%2Fwp%2Fv2%2Fmedia&parent=233873"}],"wp:term":[{"taxonomy":"category","embeddable":true,"href":"https:\/\/archivio.cercoiltuovolto.it\/index.php?rest_route=%2Fwp%2Fv2%2Fcategories&post=233873"},{"taxonomy":"post_tag","embeddable":true,"href":"https:\/\/archivio.cercoiltuovolto.it\/index.php?rest_route=%2Fwp%2Fv2%2Ftags&post=233873"}],"curies":[{"name":"wp","href":"https:\/\/api.w.org\/{rel}","templated":true}]}}