{"id":233869,"date":"2012-07-16T18:42:54","date_gmt":"2012-07-16T18:42:54","guid":{"rendered":"https:\/\/archivio.cercoiltuovolto.it\/?p=233869"},"modified":"2012-07-16T18:42:54","modified_gmt":"2012-07-16T18:42:54","slug":"commento-al-vangelo-del-22-luglio-2012-don-mauro-pozzi","status":"publish","type":"post","link":"https:\/\/archivio.cercoiltuovolto.it\/?p=233869","title":{"rendered":"Commento al Vangelo del 22 luglio 2012 &#8211; don Mauro Pozzi"},"content":{"rendered":"<p style=\"text-align: justify;\">Il commento al Vangelo della domenica a cura di don Mauro Pozzi parroco della Parrocchia S. Giovanni Battista, Novara.<\/p>\n<blockquote>\n<p style=\"text-align: justify;\">RIPOSATEVI UN POCO<\/p>\n<p style=\"text-align: justify;\">Il vangelo di oggi \u00e8 molto estivo, perch\u00e9 ci parla di vacanze e di riposo. I discepoli che sono stati inviati a coppie a predicare il regno tornano e raccontano a Ges\u00f9 quello che hanno fatto. L\u2019impressione \u00e8 che siano contenti, ma certamente stanchi. Il Maestro li invita a sottrarsi alla folla per un po\u2019. Infatti non si pu\u00f2 sempre dare, occorre anche potersi ricaricare. \u00c8 il ritmo fondamentale della nostra vita. Come per il respiro, per poter espirare occorre aver tirato il fiato, o per il sonno, cui nessuno pu\u00f2 sottrarsi, che ci rigenera per poter affrontare una nuova giornata. Anche nelle cose spirituali \u00e8 cos\u00ec. Il riposo della preghiera \u00e8 fondamentale per dare energie nuove. Ges\u00f9 stesso passava notti intere a pregare, perch\u00e9 senza lo Spirito Santo non possiamo fare niente di buono. Oggi noi siamo travolti da mille attivit\u00e0. Penso a certi genitori che naturalmente lavorano, poi devono occuparsi dei figli, scarrozzarli in giro e vegliare su di loro, dopo hanno la casa, magari il giardino, i nonni\u2026 insomma un massacro. In queste condizioni si \u00e8 esentati dalla preghiera e dalla messa? No! Perch\u00e9 la materia non pu\u00f2 avere il sopravento sullo spirito. Non basta il sonno e il cibo per ricaricare, altrimenti saremmo come delle macchine, cui basta aggiungere benzina e olio. Abbiamo bisogno di qualcosa di nutriente anche per l\u2019anima. Questo lo troviamo nella musica, nell\u2019arte e soprattutto nella preghiera. Inoltre non dipende tutto da noi e dal nostro lavoro, come dice il salmo: Se il Signore non costruisce la casa, invano vi faticano i costruttori. Se il Signore non custodisce la citt\u00e0, invano veglia il custode. Invano vi alzate di buon mattino, tardi andate a riposare e mangiate pane di sudore: il Signore ne dar\u00e0 ai suoi amici nel sonno (Sal 127). Per cui imparare ad affidarsi \u00e8 il primo trucco per potenziare la propria attivit\u00e0 e poi ritagliarsi nella giornata dei momenti da dedicare alla preghiera \u00e8 un modo molto efficiente di riposare. I grandi santi della carit\u00e0, nel passato come nel presente, non hanno mai trascurato la preghiera, anche se i bisognosi bussavano alla loro porta a tutte le ore. La conclusione del brano ci d\u00e0 un ulteriore spunto. Ges\u00f9 vedendo la folla che ha lasciato casa e lavoro per cercarlo e stare con lui, ne ha compassione e si dedica a loro insegnando molte cose. Il beneficio della preghiera non sta solo nel riposo dell\u2019anima, ma soprattutto nella compassione del Signore che si dona a chi lo cerca, diventa il suo pastore e lo arricchisce con i doni del suo insegnamento. Possiamo rinunciare a tutto questo?<\/p>\n<\/blockquote>\n<p><a href=\"http:\/\/www.youtube.com\/watch?v=bXc6wINNp2A\">Link al video<\/a><\/p>\n<p style=\"text-align: justify;\">Mc 6, 30-34 In quel tempo, gli a- postoli si riunirono at- torno a Ges\u00f9 e gli rife- rirono tutto quello che avevano fatto e quello che avevano insegna- to. Ed egli disse loro: \u00abVenite in disparte, voi soli, in un luogo deserto, e riposatevi un po\u2019\u00bb. Erano infatti molti quelli che anda- vano e venivano e non avevano neanche il tempo di mangiare. Allora andarono con la barca verso un luo- go deserto, in dispar- te. Molti per\u00f2 li videro partire e capirono, e da tutte le citt\u00e0 accor- sero l\u00e0 a piedi e li precedettero. Sceso dalla barca, egli vide una grande folla, ebbe compas- sione di loro, perch\u00e9 erano come pecore che non hanno pasto- re, e si mise a inse- gnare loro molte cose.<\/p>\n","protected":false},"excerpt":{"rendered":"<p>Il commento al Vangelo della domenica a cura di don Mauro Pozzi parroco della Parrocchia S. Giovanni Battista, Novara.<\/p>\n","protected":false},"author":3,"featured_media":0,"comment_status":"closed","ping_status":"closed","sticky":false,"template":"","format":"standard","meta":{"_kad_post_transparent":"","_kad_post_title":"","_kad_post_layout":"","_kad_post_sidebar_id":"","_kad_post_content_style":"","_kad_post_vertical_padding":"","_kad_post_feature":"","_kad_post_feature_position":"","_kad_post_header":false,"_kad_post_footer":false,"_kad_post_classname":"","footnotes":""},"categories":[102,147],"tags":[388,172,83],"class_list":["post-233869","post","type-post","status-publish","format-standard","hentry","category-102","category-commento-al-vangelo","tag-don-mauro-pozzi","tag-vangelo-della-domenica","tag-youtube"],"_links":{"self":[{"href":"https:\/\/archivio.cercoiltuovolto.it\/index.php?rest_route=\/wp\/v2\/posts\/233869","targetHints":{"allow":["GET"]}}],"collection":[{"href":"https:\/\/archivio.cercoiltuovolto.it\/index.php?rest_route=\/wp\/v2\/posts"}],"about":[{"href":"https:\/\/archivio.cercoiltuovolto.it\/index.php?rest_route=\/wp\/v2\/types\/post"}],"author":[{"embeddable":true,"href":"https:\/\/archivio.cercoiltuovolto.it\/index.php?rest_route=\/wp\/v2\/users\/3"}],"replies":[{"embeddable":true,"href":"https:\/\/archivio.cercoiltuovolto.it\/index.php?rest_route=%2Fwp%2Fv2%2Fcomments&post=233869"}],"version-history":[{"count":0,"href":"https:\/\/archivio.cercoiltuovolto.it\/index.php?rest_route=\/wp\/v2\/posts\/233869\/revisions"}],"wp:attachment":[{"href":"https:\/\/archivio.cercoiltuovolto.it\/index.php?rest_route=%2Fwp%2Fv2%2Fmedia&parent=233869"}],"wp:term":[{"taxonomy":"category","embeddable":true,"href":"https:\/\/archivio.cercoiltuovolto.it\/index.php?rest_route=%2Fwp%2Fv2%2Fcategories&post=233869"},{"taxonomy":"post_tag","embeddable":true,"href":"https:\/\/archivio.cercoiltuovolto.it\/index.php?rest_route=%2Fwp%2Fv2%2Ftags&post=233869"}],"curies":[{"name":"wp","href":"https:\/\/api.w.org\/{rel}","templated":true}]}}