{"id":233853,"date":"2012-07-09T20:16:58","date_gmt":"2012-07-09T20:16:58","guid":{"rendered":"https:\/\/archivio.cercoiltuovolto.it\/?p=233853"},"modified":"2012-07-09T20:16:58","modified_gmt":"2012-07-09T20:16:58","slug":"benedetto-xvi-angelus-del-8-luglio-2012-in-mp3","status":"publish","type":"post","link":"https:\/\/archivio.cercoiltuovolto.it\/?p=233853","title":{"rendered":"Benedetto XVI &#8211; Angelus del 8 luglio 2012 in mp3"},"content":{"rendered":"<blockquote>\n<p style=\"text-align: center;\">\n<p><em>Cari fratelli e sorelle!<\/em><\/p>\n<p style=\"text-align: justify;\">Vorrei soffermarmi brevemente sul brano del Vangelo di questa domenica, un testo da cui \u00e8 tratto il celebre detto \u00ab<em>Nemo propheta in patria<\/em>\u00bb, cio\u00e8 nessun profeta \u00e8 bene accetto tra la sua gente, che lo ha visto crescere (cfr\u00a0<em>Mc<\/em>\u00a06,4). In effetti, dopo che Ges\u00f9, a circa trent\u2019anni, aveva lasciato Nazareth e gi\u00e0 da un po\u2019 di tempo era andato predicando e operando guarigioni altrove, ritorn\u00f2 una volta al suo paese e si mise ad insegnare nella sinagoga. I suoi concittadini \u00abrimanevano stupiti\u00bb per la sua sapienza e, conoscendolo come il \u00abfiglio di Maria\u00bb, il \u00abfalegname\u00bb vissuto in mezzo a loro, invece di accoglierlo con fede si scandalizzavano di Lui (cfr\u00a0<em>Mc<\/em>\u00a06,2-3). Questo fatto \u00e8 comprensibile, perch\u00e9 la familiarit\u00e0 sul piano umano rende difficile andare al di l\u00e0 e aprirsi alla dimensione divina. Che questo Figlio di un falegname sia Figlio di Dio \u00e8 difficile crederlo per loro. Ges\u00f9 stesso porta come esempio l\u2019esperienza dei profeti d\u2019Israele, che proprio nella loro patria erano stati oggetto di disprezzo, e si identifica con essi. A causa di questa chiusura spirituale, Ges\u00f9 non pot\u00e9 compiere a Nazareth \u00abnessun prodigio, ma solo impose le mani a pochi malati e li guar\u00ec\u00bb (<em>Mc<\/em>\u00a06,5). Infatti, i miracoli di Cristo non sono una esibizione di potenza, ma segni dell\u2019amore di Dio, che si attua l\u00e0 dove incontra la fede dell\u2019uomo nella reciprocit\u00e0. Scrive Origene: \u00abAllo stesso modo che per i corpi esiste un\u2019attrazione naturale da parte di alcuni verso altri, come del magnete verso il ferro \u2026 cos\u00ec tale fede esercita un\u2019attrazione sulla potenza divina\u00bb (<em>Commento al Vangelo di Matteo<\/em>\u00a010, 19).<\/p>\n<ul>\n<li><a href=\"http:\/\/www.vatican.va\/holy_father\/benedict_xvi\/angelus\/2012\/documents\/hf_ben-xvi_ang_20120708_it.html\">Leggi tutto il messaggio<\/a> <em>\u00a9 Copyright 2011 &#8211; Libreria Editrice Vaticana<\/em><\/li>\n<li><a href=\"http:\/\/player.rv.va\/vaticanplayer.asp?language=it&amp;tic=VA_L32CTGGF\" target=\"_blank\"><em>Link al Video<\/em><\/a><\/li>\n<\/ul>\n<\/blockquote>\n<div class=\"powerpressbox\">[powerpress]<\/div>\n<p style=\"text-align: justify;\"><strong>Fonte<\/strong>: Radio Vaticana via FeedRss<\/p>\n<blockquote>\n<p style=\"text-align: justify;\"><span style=\"font-size: xx-small;\"><em>(The content of this podcast is copyrighted by Vatican Radio which, according to its statute, is entrusted to manage and protect the sound recordings of the Roman Pontiff, ensuring that their pastoral character and intellectual property&#8217;s rights are protected when used by third parties. The content of this podcast is made available only for personal and private use and cannot be exploited for commercial purposes, without prior written authorization by Vatican Radio. For further information, please contact the International Relation Office at relint@vatiradio.va)<\/em><\/span><\/p>\n<\/blockquote>\n","protected":false},"excerpt":{"rendered":"<p>Cari fratelli e sorelle! Vorrei soffermarmi brevemente sul brano del Vangelo di questa domenica, un testo da cui \u00e8 tratto il celebre detto \u00abNemo propheta in patria\u00bb, cio\u00e8 nessun profeta \u00e8 bene accetto tra la sua gente, che lo ha visto crescere (cfr\u00a0Mc\u00a06,4). In effetti, dopo che Ges\u00f9, a circa trent\u2019anni, aveva lasciato Nazareth e&#8230;<\/p>\n","protected":false},"author":3,"featured_media":0,"comment_status":"closed","ping_status":"closed","sticky":false,"template":"","format":"standard","meta":{"_kad_post_transparent":"","_kad_post_title":"","_kad_post_layout":"","_kad_post_sidebar_id":"","_kad_post_content_style":"","_kad_post_vertical_padding":"","_kad_post_feature":"","_kad_post_feature_position":"","_kad_post_header":false,"_kad_post_footer":false,"_kad_post_classname":"","footnotes":""},"categories":[102,114],"tags":[73,9],"class_list":["post-233853","post","type-post","status-publish","format-standard","hentry","category-102","category-angelus","tag-benedetto-xvi","tag-vaticano"],"_links":{"self":[{"href":"https:\/\/archivio.cercoiltuovolto.it\/index.php?rest_route=\/wp\/v2\/posts\/233853","targetHints":{"allow":["GET"]}}],"collection":[{"href":"https:\/\/archivio.cercoiltuovolto.it\/index.php?rest_route=\/wp\/v2\/posts"}],"about":[{"href":"https:\/\/archivio.cercoiltuovolto.it\/index.php?rest_route=\/wp\/v2\/types\/post"}],"author":[{"embeddable":true,"href":"https:\/\/archivio.cercoiltuovolto.it\/index.php?rest_route=\/wp\/v2\/users\/3"}],"replies":[{"embeddable":true,"href":"https:\/\/archivio.cercoiltuovolto.it\/index.php?rest_route=%2Fwp%2Fv2%2Fcomments&post=233853"}],"version-history":[{"count":0,"href":"https:\/\/archivio.cercoiltuovolto.it\/index.php?rest_route=\/wp\/v2\/posts\/233853\/revisions"}],"wp:attachment":[{"href":"https:\/\/archivio.cercoiltuovolto.it\/index.php?rest_route=%2Fwp%2Fv2%2Fmedia&parent=233853"}],"wp:term":[{"taxonomy":"category","embeddable":true,"href":"https:\/\/archivio.cercoiltuovolto.it\/index.php?rest_route=%2Fwp%2Fv2%2Fcategories&post=233853"},{"taxonomy":"post_tag","embeddable":true,"href":"https:\/\/archivio.cercoiltuovolto.it\/index.php?rest_route=%2Fwp%2Fv2%2Ftags&post=233853"}],"curies":[{"name":"wp","href":"https:\/\/api.w.org\/{rel}","templated":true}]}}